
{"id":9972,"date":"2026-01-16T11:31:32","date_gmt":"2026-01-16T10:31:32","guid":{"rendered":"https:\/\/www.france-elevateur.fr\/?p=9972"},"modified":"2026-01-20T11:42:48","modified_gmt":"2026-01-20T10:42:48","slug":"employee-training-co-financed-by-the-european-union-esf-with-the-support-of-opco-2i","status":"publish","type":"post","link":"https:\/\/www.france-elevateur.fr\/en\/employee-training-co-financed-by-the-european-union-esf-with-the-support-of-opco-2i\/","title":{"rendered":"Employee Training Co-Financed by the European Union (ESF) with the Support of OPCO 2i"},"content":{"rendered":"<p data-start=\"205\" data-end=\"371\">As part of its commitment to skills development, <strong data-start=\"254\" data-end=\"335\">FRANCE \u00c9L\u00c9VATEUR has received funding for training programs for its employees<\/strong>, with the support of <strong data-start=\"357\" data-end=\"368\">OPCO 2i<\/strong>.<\/p>\n<p data-start=\"373\" data-end=\"642\">These training programs were <strong data-start=\"402\" data-end=\"486\">co-financed by the European Union through the European Social Fund (ESF) in 2025<\/strong>.<br data-start=\"487\" data-end=\"490\" \/>This financial support enables FRANCE \u00c9L\u00c9VATEUR to enhance the skills of its employees, improve employability, and adapt to evolving job requirements.<\/p>\n<p data-start=\"644\" data-end=\"791\">Thanks to this co-financing, <strong data-start=\"673\" data-end=\"788\">FRANCE \u00c9L\u00c9VATEUR continues its commitment to professional training and the development of its employees\u2019 skills<\/strong>.<\/p>\n<p data-start=\"793\" data-end=\"883\">\ud83d\udc49 <strong data-start=\"796\" data-end=\"883\">FRANCE \u00c9L\u00c9VATEUR thanks the European Union and OPCO 2i for their financial support.<\/strong><\/p>\n<p data-start=\"793\" data-end=\"883\">\u00a0<img loading=\"lazy\" decoding=\"async\" class=\"alignnone size-full wp-image-9968\" src=\"https:\/\/www.france-elevateur.fr\/wp-content\/uploads\/2026\/01\/leurope-sengage.png\" alt=\"\" width=\"196\" height=\"100\" \/><img loading=\"lazy\" decoding=\"async\" class=\"alignnone size-medium wp-image-9965\" src=\"https:\/\/www.france-elevateur.fr\/wp-content\/uploads\/2026\/01\/UE-300x64.png\" alt=\"\" width=\"300\" height=\"64\" srcset=\"https:\/\/www.france-elevateur.fr\/wp-content\/uploads\/2026\/01\/UE-300x64.png 300w, https:\/\/www.france-elevateur.fr\/wp-content\/uploads\/2026\/01\/UE.png 475w\" sizes=\"auto, (max-width: 300px) 100vw, 300px\" \/><\/p>\n","protected":false},"excerpt":{"rendered":"<p>As part of its commitment to skills development, FRANCE \u00c9L\u00c9VATEUR has received funding for training programs for its employees, with the support of OPCO 2i. These training programs were co-financed by the European Union through the European Social Fund (ESF) in 2025.This financial support enables FRANCE \u00c9L\u00c9VATEUR to enhance the skills of its employees, improve [&hellip;]<\/p>\n","protected":false},"author":13,"featured_media":9975,"comment_status":"open","ping_status":"open","sticky":false,"template":"","format":"standard","meta":{"_acf_changed":false,"content-type":"","footnotes":""},"categories":[108,85],"tags":[],"class_list":["post-9972","post","type-post","status-publish","format-standard","has-post-thumbnail","hentry","category-company-life","category-news-en"],"acf":[],"yoast_head":"<!-- This site is optimized with the Yoast SEO plugin v26.8 - https:\/\/yoast.com\/product\/yoast-seo-wordpress\/ -->\n<title>Employee Training Co-Financed by the European Union (ESF) with the Support of OPCO 2i - France El\u00e9vateur<\/title>\n<meta name=\"description\" content=\"FRANCE \u00c9L\u00c9VATEUR has received funding for training programs for its employees, with the support of OPCO 2i.\" \/>\n<meta name=\"robots\" content=\"index, follow, max-snippet:-1, max-image-preview:large, max-video-preview:-1\" \/>\n<link rel=\"canonical\" href=\"https:\/\/www.france-elevateur.fr\/en\/employee-training-co-financed-by-the-european-union-esf-with-the-support-of-opco-2i\/\" \/>\n<meta property=\"og:locale\" content=\"en_US\" \/>\n<meta property=\"og:type\" content=\"article\" \/>\n<meta property=\"og:title\" content=\"Employee Training Co-Financed by the European Union (ESF) with the Support of OPCO 2i - France El\u00e9vateur\" \/>\n<meta property=\"og:description\" content=\"FRANCE \u00c9L\u00c9VATEUR has received funding for training programs for its employees, with the support of OPCO 2i.\" \/>\n<meta property=\"og:url\" content=\"https:\/\/www.france-elevateur.fr\/en\/employee-training-co-financed-by-the-european-union-esf-with-the-support-of-opco-2i\/\" \/>\n<meta property=\"og:site_name\" content=\"France El\u00e9vateur\" \/>\n<meta property=\"article:published_time\" content=\"2026-01-16T10:31:32+00:00\" \/>\n<meta property=\"article:modified_time\" content=\"2026-01-20T10:42:48+00:00\" \/>\n<meta property=\"og:image\" content=\"https:\/\/www.france-elevateur.fr\/wp-content\/uploads\/2026\/01\/OPCO.png\" \/>\n\t<meta property=\"og:image:width\" content=\"1365\" \/>\n\t<meta property=\"og:image:height\" content=\"418\" \/>\n\t<meta property=\"og:image:type\" content=\"image\/png\" \/>\n<meta name=\"author\" content=\"Cynthia Ott\" \/>\n<meta name=\"twitter:card\" content=\"summary_large_image\" \/>\n<meta name=\"twitter:label1\" content=\"Written by\" \/>\n\t<meta name=\"twitter:data1\" content=\"Cynthia Ott\" \/>\n\t<meta name=\"twitter:label2\" content=\"Est. reading time\" \/>\n\t<meta name=\"twitter:data2\" content=\"2 minutes\" \/>\n<script type=\"application\/ld+json\" class=\"yoast-schema-graph\">{\"@context\":\"https:\/\/schema.org\",\"@graph\":[{\"@type\":\"Article\",\"@id\":\"https:\/\/www.france-elevateur.fr\/en\/employee-training-co-financed-by-the-european-union-esf-with-the-support-of-opco-2i\/#article\",\"isPartOf\":{\"@id\":\"https:\/\/www.france-elevateur.fr\/en\/employee-training-co-financed-by-the-european-union-esf-with-the-support-of-opco-2i\/\"},\"author\":{\"name\":\"Cynthia Ott\",\"@id\":\"https:\/\/www.france-elevateur.fr\/en\/#\/schema\/person\/fdd2518a7642694b5cb1d9c03ca4b95d\"},\"headline\":\"Employee Training Co-Financed by the European Union (ESF) with the Support of OPCO 2i\",\"datePublished\":\"2026-01-16T10:31:32+00:00\",\"dateModified\":\"2026-01-20T10:42:48+00:00\",\"mainEntityOfPage\":{\"@id\":\"https:\/\/www.france-elevateur.fr\/en\/employee-training-co-financed-by-the-european-union-esf-with-the-support-of-opco-2i\/\"},\"wordCount\":112,\"commentCount\":0,\"publisher\":{\"@id\":\"https:\/\/www.france-elevateur.fr\/en\/#organization\"},\"image\":{\"@id\":\"https:\/\/www.france-elevateur.fr\/en\/employee-training-co-financed-by-the-european-union-esf-with-the-support-of-opco-2i\/#primaryimage\"},\"thumbnailUrl\":\"https:\/\/www.france-elevateur.fr\/wp-content\/uploads\/2026\/01\/OPCO.png\",\"articleSection\":[\"Company's life\",\"News\"],\"inLanguage\":\"en-US\"},{\"@type\":\"WebPage\",\"@id\":\"https:\/\/www.france-elevateur.fr\/en\/employee-training-co-financed-by-the-european-union-esf-with-the-support-of-opco-2i\/\",\"url\":\"https:\/\/www.france-elevateur.fr\/en\/employee-training-co-financed-by-the-european-union-esf-with-the-support-of-opco-2i\/\",\"name\":\"Employee Training Co-Financed by the European Union (ESF) with the Support of OPCO 2i - France El\u00e9vateur\",\"isPartOf\":{\"@id\":\"https:\/\/www.france-elevateur.fr\/en\/#website\"},\"primaryImageOfPage\":{\"@id\":\"https:\/\/www.france-elevateur.fr\/en\/employee-training-co-financed-by-the-european-union-esf-with-the-support-of-opco-2i\/#primaryimage\"},\"image\":{\"@id\":\"https:\/\/www.france-elevateur.fr\/en\/employee-training-co-financed-by-the-european-union-esf-with-the-support-of-opco-2i\/#primaryimage\"},\"thumbnailUrl\":\"https:\/\/www.france-elevateur.fr\/wp-content\/uploads\/2026\/01\/OPCO.png\",\"datePublished\":\"2026-01-16T10:31:32+00:00\",\"dateModified\":\"2026-01-20T10:42:48+00:00\",\"description\":\"FRANCE \u00c9L\u00c9VATEUR has received funding for training programs for its employees, with the support of OPCO 2i.\",\"breadcrumb\":{\"@id\":\"https:\/\/www.france-elevateur.fr\/en\/employee-training-co-financed-by-the-european-union-esf-with-the-support-of-opco-2i\/#breadcrumb\"},\"inLanguage\":\"en-US\",\"potentialAction\":[{\"@type\":\"ReadAction\",\"target\":[\"https:\/\/www.france-elevateur.fr\/en\/employee-training-co-financed-by-the-european-union-esf-with-the-support-of-opco-2i\/\"]}]},{\"@type\":\"ImageObject\",\"inLanguage\":\"en-US\",\"@id\":\"https:\/\/www.france-elevateur.fr\/en\/employee-training-co-financed-by-the-european-union-esf-with-the-support-of-opco-2i\/#primaryimage\",\"url\":\"https:\/\/www.france-elevateur.fr\/wp-content\/uploads\/2026\/01\/OPCO.png\",\"contentUrl\":\"https:\/\/www.france-elevateur.fr\/wp-content\/uploads\/2026\/01\/OPCO.png\",\"width\":1365,\"height\":418},{\"@type\":\"BreadcrumbList\",\"@id\":\"https:\/\/www.france-elevateur.fr\/en\/employee-training-co-financed-by-the-european-union-esf-with-the-support-of-opco-2i\/#breadcrumb\",\"itemListElement\":[{\"@type\":\"ListItem\",\"position\":1,\"name\":\"\",\"item\":\"https:\/\/www.france-elevateur.fr\/en\/\"},{\"@type\":\"ListItem\",\"position\":2,\"name\":\"Employee Training Co-Financed by the European Union (ESF) with the Support of OPCO 2i\"}]},{\"@type\":\"WebSite\",\"@id\":\"https:\/\/www.france-elevateur.fr\/en\/#website\",\"url\":\"https:\/\/www.france-elevateur.fr\/en\/\",\"name\":\"France El\u00e9vateur\",\"description\":\"Design and manufacture of aerial work platforms\",\"publisher\":{\"@id\":\"https:\/\/www.france-elevateur.fr\/en\/#organization\"},\"potentialAction\":[{\"@type\":\"SearchAction\",\"target\":{\"@type\":\"EntryPoint\",\"urlTemplate\":\"https:\/\/www.france-elevateur.fr\/en\/?s={search_term_string}\"},\"query-input\":{\"@type\":\"PropertyValueSpecification\",\"valueRequired\":true,\"valueName\":\"search_term_string\"}}],\"inLanguage\":\"en-US\"},{\"@type\":\"Organization\",\"@id\":\"https:\/\/www.france-elevateur.fr\/en\/#organization\",\"name\":\"France El\u00e9vateur\",\"url\":\"https:\/\/www.france-elevateur.fr\/en\/\",\"logo\":{\"@type\":\"ImageObject\",\"inLanguage\":\"en-US\",\"@id\":\"https:\/\/www.france-elevateur.fr\/en\/#\/schema\/logo\/image\/\",\"url\":\"https:\/\/www.france-elevateur.fr\/wp-content\/uploads\/2022\/06\/FE-Logo-w-Tagline.jpg\",\"contentUrl\":\"https:\/\/www.france-elevateur.fr\/wp-content\/uploads\/2022\/06\/FE-Logo-w-Tagline.jpg\",\"width\":768,\"height\":493,\"caption\":\"France El\u00e9vateur\"},\"image\":{\"@id\":\"https:\/\/www.france-elevateur.fr\/en\/#\/schema\/logo\/image\/\"}},{\"@type\":\"Person\",\"@id\":\"https:\/\/www.france-elevateur.fr\/en\/#\/schema\/person\/fdd2518a7642694b5cb1d9c03ca4b95d\",\"name\":\"Cynthia Ott\",\"image\":{\"@type\":\"ImageObject\",\"inLanguage\":\"en-US\",\"@id\":\"https:\/\/www.france-elevateur.fr\/en\/#\/schema\/person\/image\/\",\"url\":\"https:\/\/secure.gravatar.com\/avatar\/990fabe268132ecda9ee382116bc49fd1f0788698dc364134535fd5b54e43a35?s=96&d=mm&r=g\",\"contentUrl\":\"https:\/\/secure.gravatar.com\/avatar\/990fabe268132ecda9ee382116bc49fd1f0788698dc364134535fd5b54e43a35?s=96&d=mm&r=g\",\"caption\":\"Cynthia Ott\"},\"url\":\"https:\/\/www.france-elevateur.fr\/en\/author\/fe_cynthia\/\"}]}<\/script>\n<!-- \/ Yoast SEO plugin. -->","yoast_head_json":{"title":"Employee Training Co-Financed by the European Union (ESF) with the Support of OPCO 2i - France El\u00e9vateur","description":"FRANCE \u00c9L\u00c9VATEUR has received funding for training programs for its employees, with the support of OPCO 2i.","robots":{"index":"index","follow":"follow","max-snippet":"max-snippet:-1","max-image-preview":"max-image-preview:large","max-video-preview":"max-video-preview:-1"},"canonical":"https:\/\/www.france-elevateur.fr\/en\/employee-training-co-financed-by-the-european-union-esf-with-the-support-of-opco-2i\/","og_locale":"en_US","og_type":"article","og_title":"Employee Training Co-Financed by the European Union (ESF) with the Support of OPCO 2i - France El\u00e9vateur","og_description":"FRANCE \u00c9L\u00c9VATEUR has received funding for training programs for its employees, with the support of OPCO 2i.","og_url":"https:\/\/www.france-elevateur.fr\/en\/employee-training-co-financed-by-the-european-union-esf-with-the-support-of-opco-2i\/","og_site_name":"France El\u00e9vateur","article_published_time":"2026-01-16T10:31:32+00:00","article_modified_time":"2026-01-20T10:42:48+00:00","og_image":[{"width":1365,"height":418,"url":"https:\/\/www.france-elevateur.fr\/wp-content\/uploads\/2026\/01\/OPCO.png","type":"image\/png"}],"author":"Cynthia Ott","twitter_card":"summary_large_image","twitter_misc":{"Written by":"Cynthia Ott","Est. reading time":"2 minutes"},"schema":{"@context":"https:\/\/schema.org","@graph":[{"@type":"Article","@id":"https:\/\/www.france-elevateur.fr\/en\/employee-training-co-financed-by-the-european-union-esf-with-the-support-of-opco-2i\/#article","isPartOf":{"@id":"https:\/\/www.france-elevateur.fr\/en\/employee-training-co-financed-by-the-european-union-esf-with-the-support-of-opco-2i\/"},"author":{"name":"Cynthia Ott","@id":"https:\/\/www.france-elevateur.fr\/en\/#\/schema\/person\/fdd2518a7642694b5cb1d9c03ca4b95d"},"headline":"Employee Training Co-Financed by the European Union (ESF) with the Support of OPCO 2i","datePublished":"2026-01-16T10:31:32+00:00","dateModified":"2026-01-20T10:42:48+00:00","mainEntityOfPage":{"@id":"https:\/\/www.france-elevateur.fr\/en\/employee-training-co-financed-by-the-european-union-esf-with-the-support-of-opco-2i\/"},"wordCount":112,"commentCount":0,"publisher":{"@id":"https:\/\/www.france-elevateur.fr\/en\/#organization"},"image":{"@id":"https:\/\/www.france-elevateur.fr\/en\/employee-training-co-financed-by-the-european-union-esf-with-the-support-of-opco-2i\/#primaryimage"},"thumbnailUrl":"https:\/\/www.france-elevateur.fr\/wp-content\/uploads\/2026\/01\/OPCO.png","articleSection":["Company's life","News"],"inLanguage":"en-US"},{"@type":"WebPage","@id":"https:\/\/www.france-elevateur.fr\/en\/employee-training-co-financed-by-the-european-union-esf-with-the-support-of-opco-2i\/","url":"https:\/\/www.france-elevateur.fr\/en\/employee-training-co-financed-by-the-european-union-esf-with-the-support-of-opco-2i\/","name":"Employee Training Co-Financed by the European Union (ESF) with the Support of OPCO 2i - France El\u00e9vateur","isPartOf":{"@id":"https:\/\/www.france-elevateur.fr\/en\/#website"},"primaryImageOfPage":{"@id":"https:\/\/www.france-elevateur.fr\/en\/employee-training-co-financed-by-the-european-union-esf-with-the-support-of-opco-2i\/#primaryimage"},"image":{"@id":"https:\/\/www.france-elevateur.fr\/en\/employee-training-co-financed-by-the-european-union-esf-with-the-support-of-opco-2i\/#primaryimage"},"thumbnailUrl":"https:\/\/www.france-elevateur.fr\/wp-content\/uploads\/2026\/01\/OPCO.png","datePublished":"2026-01-16T10:31:32+00:00","dateModified":"2026-01-20T10:42:48+00:00","description":"FRANCE \u00c9L\u00c9VATEUR has received funding for training programs for its employees, with the support of OPCO 2i.","breadcrumb":{"@id":"https:\/\/www.france-elevateur.fr\/en\/employee-training-co-financed-by-the-european-union-esf-with-the-support-of-opco-2i\/#breadcrumb"},"inLanguage":"en-US","potentialAction":[{"@type":"ReadAction","target":["https:\/\/www.france-elevateur.fr\/en\/employee-training-co-financed-by-the-european-union-esf-with-the-support-of-opco-2i\/"]}]},{"@type":"ImageObject","inLanguage":"en-US","@id":"https:\/\/www.france-elevateur.fr\/en\/employee-training-co-financed-by-the-european-union-esf-with-the-support-of-opco-2i\/#primaryimage","url":"https:\/\/www.france-elevateur.fr\/wp-content\/uploads\/2026\/01\/OPCO.png","contentUrl":"https:\/\/www.france-elevateur.fr\/wp-content\/uploads\/2026\/01\/OPCO.png","width":1365,"height":418},{"@type":"BreadcrumbList","@id":"https:\/\/www.france-elevateur.fr\/en\/employee-training-co-financed-by-the-european-union-esf-with-the-support-of-opco-2i\/#breadcrumb","itemListElement":[{"@type":"ListItem","position":1,"name":"","item":"https:\/\/www.france-elevateur.fr\/en\/"},{"@type":"ListItem","position":2,"name":"Employee Training Co-Financed by the European Union (ESF) with the Support of OPCO 2i"}]},{"@type":"WebSite","@id":"https:\/\/www.france-elevateur.fr\/en\/#website","url":"https:\/\/www.france-elevateur.fr\/en\/","name":"France El\u00e9vateur","description":"Design and manufacture of aerial work platforms","publisher":{"@id":"https:\/\/www.france-elevateur.fr\/en\/#organization"},"potentialAction":[{"@type":"SearchAction","target":{"@type":"EntryPoint","urlTemplate":"https:\/\/www.france-elevateur.fr\/en\/?s={search_term_string}"},"query-input":{"@type":"PropertyValueSpecification","valueRequired":true,"valueName":"search_term_string"}}],"inLanguage":"en-US"},{"@type":"Organization","@id":"https:\/\/www.france-elevateur.fr\/en\/#organization","name":"France El\u00e9vateur","url":"https:\/\/www.france-elevateur.fr\/en\/","logo":{"@type":"ImageObject","inLanguage":"en-US","@id":"https:\/\/www.france-elevateur.fr\/en\/#\/schema\/logo\/image\/","url":"https:\/\/www.france-elevateur.fr\/wp-content\/uploads\/2022\/06\/FE-Logo-w-Tagline.jpg","contentUrl":"https:\/\/www.france-elevateur.fr\/wp-content\/uploads\/2022\/06\/FE-Logo-w-Tagline.jpg","width":768,"height":493,"caption":"France El\u00e9vateur"},"image":{"@id":"https:\/\/www.france-elevateur.fr\/en\/#\/schema\/logo\/image\/"}},{"@type":"Person","@id":"https:\/\/www.france-elevateur.fr\/en\/#\/schema\/person\/fdd2518a7642694b5cb1d9c03ca4b95d","name":"Cynthia Ott","image":{"@type":"ImageObject","inLanguage":"en-US","@id":"https:\/\/www.france-elevateur.fr\/en\/#\/schema\/person\/image\/","url":"https:\/\/secure.gravatar.com\/avatar\/990fabe268132ecda9ee382116bc49fd1f0788698dc364134535fd5b54e43a35?s=96&d=mm&r=g","contentUrl":"https:\/\/secure.gravatar.com\/avatar\/990fabe268132ecda9ee382116bc49fd1f0788698dc364134535fd5b54e43a35?s=96&d=mm&r=g","caption":"Cynthia Ott"},"url":"https:\/\/www.france-elevateur.fr\/en\/author\/fe_cynthia\/"}]}},"_links":{"self":[{"href":"https:\/\/www.france-elevateur.fr\/en\/wp-json\/wp\/v2\/posts\/9972","targetHints":{"allow":["GET"]}}],"collection":[{"href":"https:\/\/www.france-elevateur.fr\/en\/wp-json\/wp\/v2\/posts"}],"about":[{"href":"https:\/\/www.france-elevateur.fr\/en\/wp-json\/wp\/v2\/types\/post"}],"author":[{"embeddable":true,"href":"https:\/\/www.france-elevateur.fr\/en\/wp-json\/wp\/v2\/users\/13"}],"replies":[{"embeddable":true,"href":"https:\/\/www.france-elevateur.fr\/en\/wp-json\/wp\/v2\/comments?post=9972"}],"version-history":[{"count":1,"href":"https:\/\/www.france-elevateur.fr\/en\/wp-json\/wp\/v2\/posts\/9972\/revisions"}],"predecessor-version":[{"id":9973,"href":"https:\/\/www.france-elevateur.fr\/en\/wp-json\/wp\/v2\/posts\/9972\/revisions\/9973"}],"wp:featuredmedia":[{"embeddable":true,"href":"https:\/\/www.france-elevateur.fr\/en\/wp-json\/wp\/v2\/media\/9975"}],"wp:attachment":[{"href":"https:\/\/www.france-elevateur.fr\/en\/wp-json\/wp\/v2\/media?parent=9972"}],"wp:term":[{"taxonomy":"category","embeddable":true,"href":"https:\/\/www.france-elevateur.fr\/en\/wp-json\/wp\/v2\/categories?post=9972"},{"taxonomy":"post_tag","embeddable":true,"href":"https:\/\/www.france-elevateur.fr\/en\/wp-json\/wp\/v2\/tags?post=9972"}],"curies":[{"name":"wp","href":"https:\/\/api.w.org\/{rel}","templated":true}]}}