
{"id":9587,"date":"2025-07-03T15:30:13","date_gmt":"2025-07-03T15:30:13","guid":{"rendered":"https:\/\/www.france-elevateur.fr\/?p=9587"},"modified":"2025-09-03T15:30:47","modified_gmt":"2025-09-03T15:30:47","slug":"customer-day-at-bretigny-sur-orge-a-day-of-conviviality-and-exchange","status":"publish","type":"post","link":"https:\/\/www.france-elevateur.fr\/en\/customer-day-at-bretigny-sur-orge-a-day-of-conviviality-and-exchange\/","title":{"rendered":"Customer Day at Br\u00e9tigny-sur-Orge: a day of conviviality and exchange!"},"content":{"rendered":"<p>On Thursday June 19, 2025, France \u00c9l\u00e9vateur welcomed more than 60 customers and partners to its Br\u00e9tigny-sur-Orge after-sales branch. This Customer Day was dedicated to the discovery of our range and the testing of several aerial work platforms. It was a privileged moment, convivial and rich in exchanges about our lifting solutions and <a href=\"https:\/\/www.france-elevateur.fr\/sav\/\">after-sales services<\/a>.<\/p>\n<p>&nbsp;<\/p>\n<h2><strong>Exceptional aerial work platforms on show<\/strong><\/h2>\n<p>Our customers and partners had the opportunity to talk with our team and to discover and test a selection of France \u00c9l\u00e9vateur and Time Manufacturing Company&#8217;s flagship aerial work platforms:<\/p>\n<p>Throughout the day, visitors were able to meet our teams and discover a selection of flagship models from France \u00c9l\u00e9vateur and Time Manufacturing Company. <strong>Among the nacelles on display:<\/strong><\/p>\n<ul>\n<li><a href=\"https:\/\/fr.ruthmann.de\/produkte\/steiger\/tb290pro\">TB290<\/a> : Truck-mounted telescopic boom lift, 29 m high. Ideal for urban and fa\u00e7ade work.<\/li>\n<li><a href=\"https:\/\/fr.ruthmann.de\/produits\/ecoline\/r\/rs200\">RS200<\/a> : Compacte et maniable, cette nacelle atteint 20 m de hauteur et se faufile facilement en zone restreinte.<\/li>\n<li><a href=\"https:\/\/fr.ruthmann.de\/produits\/steiger\/t900hf\">T900<\/a> : The industry benchmark with its 90-meter working height. Perfect for working at great heights.<\/li>\n<li><a href=\"https:\/\/fr.ruthmann.de\/produits\/steiger\/t570hf\">T570<\/a> : 57-metre gondola, popular for engineering structures and urban projects.<\/li>\n<li><a href=\"https:\/\/versaliftinternational.com\/products\/chassis\/chassis-below-35-t\/versalift-v-200\/\">V200<\/a> : Articulated on a light utility vehicle, it offers a height of 20 m. Perfect for street lighting and network maintenance.<\/li>\n<li><a href=\"https:\/\/www.france-elevateur.fr\/produit\/121-ftcc-renault-master\/\">121FTcc :<\/a> Compact truck-mounted model, 12.1 m high, suitable for rapid technical interventions.<\/li>\n<li><a href=\"https:\/\/www.france-elevateur.fr\/produit\/versalift-vdtl-175-f\/\">VDTL-175-F<\/a> : Double cab combining 17.5 m height and carrying capacity for multi-purpose worksites.<\/li>\n<\/ul>\n<p>&nbsp;<\/p>\n<h2><strong>Une journ\u00e9e clients : un moment convivial et des \u00e9changes appr\u00e9ci\u00e9s<\/strong><\/h2>\n<p>The Customer Day was also an opportunity to share a convivial lunch. Customers and partners were able to exchange experiences and feedback in a relaxed atmosphere. The agency&#8217;s teams were on hand to offer a warm welcome and ensure the success of the event.<\/p>\n<p>&nbsp;<\/p>\n<h2><strong>France \u00c9l\u00e9vateur : un service de proximit\u00e9 et des solutions adapt\u00e9es \u00e0 vos besoins<\/strong><\/h2>\n<p>With this event, France \u00c9l\u00e9vateur reaffirms its commitment to proximity and support in the field. Our innovative, customized lifting solutions meet the needs of urban, industrial and high-rise construction sites.<\/p>\n<p><strong>&#8212;<\/strong><\/p>\n<p>Finally, our warmest thanks go to <a href=\"https:\/\/www.atmlevage.com\/\">ATM Levage<\/a>, <a href=\"https:\/\/mediaco-groupe.com\/fr\/\">Mediaco<\/a>, <a href=\"https:\/\/artegy.bnpparibas.fr\/\">Artegy<\/a> and<a href=\"https:\/\/www.loxam.fr\/\"> Loxam<\/a> for their participation and the provision of additional platforms for the demonstrations.<\/p>\n<p><strong>Thank you all for your presence and your confidence !<\/strong><\/p>\n<p>&nbsp;<\/p>\n","protected":false},"excerpt":{"rendered":"<p>On Thursday June 19, 2025, France \u00c9l\u00e9vateur welcomed more than 60 customers and partners to its Br\u00e9tigny-sur-Orge after-sales branch. This Customer Day was dedicated to the discovery of our range and the testing of several aerial work platforms. It was a privileged moment, convivial and rich in exchanges about our lifting solutions and after-sales services. [&hellip;]<\/p>\n","protected":false},"author":13,"featured_media":9625,"comment_status":"open","ping_status":"open","sticky":false,"template":"","format":"standard","meta":{"_acf_changed":false,"content-type":"","footnotes":""},"categories":[108,85],"tags":[86],"class_list":["post-9587","post","type-post","status-publish","format-standard","has-post-thumbnail","hentry","category-company-life","category-news-en","tag-evenement-en"],"acf":[],"yoast_head":"<!-- This site is optimized with the Yoast SEO plugin v26.8 - https:\/\/yoast.com\/product\/yoast-seo-wordpress\/ -->\n<title>A look back at the customer day at our Bretigny SAV branch<\/title>\n<meta name=\"description\" content=\"On Thursday June 19, 2025, France \u00c9l\u00e9vateur welcomed more than 60 customers and partners to its Br\u00e9tigny-sur-Orge after-sales branch. Here&#039;s a look back on the day!\" \/>\n<meta name=\"robots\" content=\"index, follow, max-snippet:-1, max-image-preview:large, max-video-preview:-1\" \/>\n<link rel=\"canonical\" href=\"https:\/\/www.france-elevateur.fr\/en\/customer-day-at-bretigny-sur-orge-a-day-of-conviviality-and-exchange\/\" \/>\n<meta property=\"og:locale\" content=\"en_US\" \/>\n<meta property=\"og:type\" content=\"article\" \/>\n<meta property=\"og:title\" content=\"A look back at the customer day at our Bretigny SAV branch\" \/>\n<meta property=\"og:description\" content=\"On Thursday June 19, 2025, France \u00c9l\u00e9vateur welcomed more than 60 customers and partners to its Br\u00e9tigny-sur-Orge after-sales branch. Here&#039;s a look back on the day!\" \/>\n<meta property=\"og:url\" content=\"https:\/\/www.france-elevateur.fr\/en\/customer-day-at-bretigny-sur-orge-a-day-of-conviviality-and-exchange\/\" \/>\n<meta property=\"og:site_name\" content=\"France El\u00e9vateur\" \/>\n<meta property=\"article:published_time\" content=\"2025-07-03T15:30:13+00:00\" \/>\n<meta property=\"article:modified_time\" content=\"2025-09-03T15:30:47+00:00\" \/>\n<meta property=\"og:image\" content=\"https:\/\/www.france-elevateur.fr\/wp-content\/uploads\/2025\/06\/Montage-photo-journee-clients-1024x512.png\" \/>\n\t<meta property=\"og:image:width\" content=\"1024\" \/>\n\t<meta property=\"og:image:height\" content=\"512\" \/>\n\t<meta property=\"og:image:type\" content=\"image\/png\" \/>\n<meta name=\"author\" content=\"Cynthia Ott\" \/>\n<meta name=\"twitter:card\" content=\"summary_large_image\" \/>\n<meta name=\"twitter:label1\" content=\"Written by\" \/>\n\t<meta name=\"twitter:data1\" content=\"Cynthia Ott\" \/>\n\t<meta name=\"twitter:label2\" content=\"Est. reading time\" \/>\n\t<meta name=\"twitter:data2\" content=\"2 minutes\" \/>\n<script type=\"application\/ld+json\" class=\"yoast-schema-graph\">{\"@context\":\"https:\/\/schema.org\",\"@graph\":[{\"@type\":\"Article\",\"@id\":\"https:\/\/www.france-elevateur.fr\/en\/customer-day-at-bretigny-sur-orge-a-day-of-conviviality-and-exchange\/#article\",\"isPartOf\":{\"@id\":\"https:\/\/www.france-elevateur.fr\/en\/customer-day-at-bretigny-sur-orge-a-day-of-conviviality-and-exchange\/\"},\"author\":{\"name\":\"Cynthia Ott\",\"@id\":\"https:\/\/www.france-elevateur.fr\/en\/#\/schema\/person\/fdd2518a7642694b5cb1d9c03ca4b95d\"},\"headline\":\"Customer Day at Br\u00e9tigny-sur-Orge: a day of conviviality and exchange!\",\"datePublished\":\"2025-07-03T15:30:13+00:00\",\"dateModified\":\"2025-09-03T15:30:47+00:00\",\"mainEntityOfPage\":{\"@id\":\"https:\/\/www.france-elevateur.fr\/en\/customer-day-at-bretigny-sur-orge-a-day-of-conviviality-and-exchange\/\"},\"wordCount\":374,\"commentCount\":0,\"publisher\":{\"@id\":\"https:\/\/www.france-elevateur.fr\/en\/#organization\"},\"image\":{\"@id\":\"https:\/\/www.france-elevateur.fr\/en\/customer-day-at-bretigny-sur-orge-a-day-of-conviviality-and-exchange\/#primaryimage\"},\"thumbnailUrl\":\"https:\/\/www.france-elevateur.fr\/wp-content\/uploads\/2025\/06\/Montage-photo-journee-clients.png\",\"keywords\":[\"\u00e9v\u00e9nement\"],\"articleSection\":[\"Company's life\",\"News\"],\"inLanguage\":\"en-US\"},{\"@type\":\"WebPage\",\"@id\":\"https:\/\/www.france-elevateur.fr\/en\/customer-day-at-bretigny-sur-orge-a-day-of-conviviality-and-exchange\/\",\"url\":\"https:\/\/www.france-elevateur.fr\/en\/customer-day-at-bretigny-sur-orge-a-day-of-conviviality-and-exchange\/\",\"name\":\"A look back at the customer day at our Bretigny SAV branch\",\"isPartOf\":{\"@id\":\"https:\/\/www.france-elevateur.fr\/en\/#website\"},\"primaryImageOfPage\":{\"@id\":\"https:\/\/www.france-elevateur.fr\/en\/customer-day-at-bretigny-sur-orge-a-day-of-conviviality-and-exchange\/#primaryimage\"},\"image\":{\"@id\":\"https:\/\/www.france-elevateur.fr\/en\/customer-day-at-bretigny-sur-orge-a-day-of-conviviality-and-exchange\/#primaryimage\"},\"thumbnailUrl\":\"https:\/\/www.france-elevateur.fr\/wp-content\/uploads\/2025\/06\/Montage-photo-journee-clients.png\",\"datePublished\":\"2025-07-03T15:30:13+00:00\",\"dateModified\":\"2025-09-03T15:30:47+00:00\",\"description\":\"On Thursday June 19, 2025, France \u00c9l\u00e9vateur welcomed more than 60 customers and partners to its Br\u00e9tigny-sur-Orge after-sales branch. Here's a look back on the day!\",\"breadcrumb\":{\"@id\":\"https:\/\/www.france-elevateur.fr\/en\/customer-day-at-bretigny-sur-orge-a-day-of-conviviality-and-exchange\/#breadcrumb\"},\"inLanguage\":\"en-US\",\"potentialAction\":[{\"@type\":\"ReadAction\",\"target\":[\"https:\/\/www.france-elevateur.fr\/en\/customer-day-at-bretigny-sur-orge-a-day-of-conviviality-and-exchange\/\"]}]},{\"@type\":\"ImageObject\",\"inLanguage\":\"en-US\",\"@id\":\"https:\/\/www.france-elevateur.fr\/en\/customer-day-at-bretigny-sur-orge-a-day-of-conviviality-and-exchange\/#primaryimage\",\"url\":\"https:\/\/www.france-elevateur.fr\/wp-content\/uploads\/2025\/06\/Montage-photo-journee-clients.png\",\"contentUrl\":\"https:\/\/www.france-elevateur.fr\/wp-content\/uploads\/2025\/06\/Montage-photo-journee-clients.png\",\"width\":6912,\"height\":3456},{\"@type\":\"BreadcrumbList\",\"@id\":\"https:\/\/www.france-elevateur.fr\/en\/customer-day-at-bretigny-sur-orge-a-day-of-conviviality-and-exchange\/#breadcrumb\",\"itemListElement\":[{\"@type\":\"ListItem\",\"position\":1,\"name\":\"\",\"item\":\"https:\/\/www.france-elevateur.fr\/en\/\"},{\"@type\":\"ListItem\",\"position\":2,\"name\":\"Customer Day at Br\u00e9tigny-sur-Orge: a day of conviviality and exchange!\"}]},{\"@type\":\"WebSite\",\"@id\":\"https:\/\/www.france-elevateur.fr\/en\/#website\",\"url\":\"https:\/\/www.france-elevateur.fr\/en\/\",\"name\":\"France El\u00e9vateur\",\"description\":\"Design and manufacture of aerial work platforms\",\"publisher\":{\"@id\":\"https:\/\/www.france-elevateur.fr\/en\/#organization\"},\"potentialAction\":[{\"@type\":\"SearchAction\",\"target\":{\"@type\":\"EntryPoint\",\"urlTemplate\":\"https:\/\/www.france-elevateur.fr\/en\/?s={search_term_string}\"},\"query-input\":{\"@type\":\"PropertyValueSpecification\",\"valueRequired\":true,\"valueName\":\"search_term_string\"}}],\"inLanguage\":\"en-US\"},{\"@type\":\"Organization\",\"@id\":\"https:\/\/www.france-elevateur.fr\/en\/#organization\",\"name\":\"France El\u00e9vateur\",\"url\":\"https:\/\/www.france-elevateur.fr\/en\/\",\"logo\":{\"@type\":\"ImageObject\",\"inLanguage\":\"en-US\",\"@id\":\"https:\/\/www.france-elevateur.fr\/en\/#\/schema\/logo\/image\/\",\"url\":\"https:\/\/www.france-elevateur.fr\/wp-content\/uploads\/2022\/06\/FE-Logo-w-Tagline.jpg\",\"contentUrl\":\"https:\/\/www.france-elevateur.fr\/wp-content\/uploads\/2022\/06\/FE-Logo-w-Tagline.jpg\",\"width\":768,\"height\":493,\"caption\":\"France El\u00e9vateur\"},\"image\":{\"@id\":\"https:\/\/www.france-elevateur.fr\/en\/#\/schema\/logo\/image\/\"}},{\"@type\":\"Person\",\"@id\":\"https:\/\/www.france-elevateur.fr\/en\/#\/schema\/person\/fdd2518a7642694b5cb1d9c03ca4b95d\",\"name\":\"Cynthia Ott\",\"image\":{\"@type\":\"ImageObject\",\"inLanguage\":\"en-US\",\"@id\":\"https:\/\/www.france-elevateur.fr\/en\/#\/schema\/person\/image\/\",\"url\":\"https:\/\/secure.gravatar.com\/avatar\/990fabe268132ecda9ee382116bc49fd1f0788698dc364134535fd5b54e43a35?s=96&d=mm&r=g\",\"contentUrl\":\"https:\/\/secure.gravatar.com\/avatar\/990fabe268132ecda9ee382116bc49fd1f0788698dc364134535fd5b54e43a35?s=96&d=mm&r=g\",\"caption\":\"Cynthia Ott\"},\"url\":\"https:\/\/www.france-elevateur.fr\/en\/author\/fe_cynthia\/\"}]}<\/script>\n<!-- \/ Yoast SEO plugin. -->","yoast_head_json":{"title":"A look back at the customer day at our Bretigny SAV branch","description":"On Thursday June 19, 2025, France \u00c9l\u00e9vateur welcomed more than 60 customers and partners to its Br\u00e9tigny-sur-Orge after-sales branch. Here's a look back on the day!","robots":{"index":"index","follow":"follow","max-snippet":"max-snippet:-1","max-image-preview":"max-image-preview:large","max-video-preview":"max-video-preview:-1"},"canonical":"https:\/\/www.france-elevateur.fr\/en\/customer-day-at-bretigny-sur-orge-a-day-of-conviviality-and-exchange\/","og_locale":"en_US","og_type":"article","og_title":"A look back at the customer day at our Bretigny SAV branch","og_description":"On Thursday June 19, 2025, France \u00c9l\u00e9vateur welcomed more than 60 customers and partners to its Br\u00e9tigny-sur-Orge after-sales branch. Here's a look back on the day!","og_url":"https:\/\/www.france-elevateur.fr\/en\/customer-day-at-bretigny-sur-orge-a-day-of-conviviality-and-exchange\/","og_site_name":"France El\u00e9vateur","article_published_time":"2025-07-03T15:30:13+00:00","article_modified_time":"2025-09-03T15:30:47+00:00","og_image":[{"width":1024,"height":512,"url":"https:\/\/www.france-elevateur.fr\/wp-content\/uploads\/2025\/06\/Montage-photo-journee-clients-1024x512.png","type":"image\/png"}],"author":"Cynthia Ott","twitter_card":"summary_large_image","twitter_misc":{"Written by":"Cynthia Ott","Est. reading time":"2 minutes"},"schema":{"@context":"https:\/\/schema.org","@graph":[{"@type":"Article","@id":"https:\/\/www.france-elevateur.fr\/en\/customer-day-at-bretigny-sur-orge-a-day-of-conviviality-and-exchange\/#article","isPartOf":{"@id":"https:\/\/www.france-elevateur.fr\/en\/customer-day-at-bretigny-sur-orge-a-day-of-conviviality-and-exchange\/"},"author":{"name":"Cynthia Ott","@id":"https:\/\/www.france-elevateur.fr\/en\/#\/schema\/person\/fdd2518a7642694b5cb1d9c03ca4b95d"},"headline":"Customer Day at Br\u00e9tigny-sur-Orge: a day of conviviality and exchange!","datePublished":"2025-07-03T15:30:13+00:00","dateModified":"2025-09-03T15:30:47+00:00","mainEntityOfPage":{"@id":"https:\/\/www.france-elevateur.fr\/en\/customer-day-at-bretigny-sur-orge-a-day-of-conviviality-and-exchange\/"},"wordCount":374,"commentCount":0,"publisher":{"@id":"https:\/\/www.france-elevateur.fr\/en\/#organization"},"image":{"@id":"https:\/\/www.france-elevateur.fr\/en\/customer-day-at-bretigny-sur-orge-a-day-of-conviviality-and-exchange\/#primaryimage"},"thumbnailUrl":"https:\/\/www.france-elevateur.fr\/wp-content\/uploads\/2025\/06\/Montage-photo-journee-clients.png","keywords":["\u00e9v\u00e9nement"],"articleSection":["Company's life","News"],"inLanguage":"en-US"},{"@type":"WebPage","@id":"https:\/\/www.france-elevateur.fr\/en\/customer-day-at-bretigny-sur-orge-a-day-of-conviviality-and-exchange\/","url":"https:\/\/www.france-elevateur.fr\/en\/customer-day-at-bretigny-sur-orge-a-day-of-conviviality-and-exchange\/","name":"A look back at the customer day at our Bretigny SAV branch","isPartOf":{"@id":"https:\/\/www.france-elevateur.fr\/en\/#website"},"primaryImageOfPage":{"@id":"https:\/\/www.france-elevateur.fr\/en\/customer-day-at-bretigny-sur-orge-a-day-of-conviviality-and-exchange\/#primaryimage"},"image":{"@id":"https:\/\/www.france-elevateur.fr\/en\/customer-day-at-bretigny-sur-orge-a-day-of-conviviality-and-exchange\/#primaryimage"},"thumbnailUrl":"https:\/\/www.france-elevateur.fr\/wp-content\/uploads\/2025\/06\/Montage-photo-journee-clients.png","datePublished":"2025-07-03T15:30:13+00:00","dateModified":"2025-09-03T15:30:47+00:00","description":"On Thursday June 19, 2025, France \u00c9l\u00e9vateur welcomed more than 60 customers and partners to its Br\u00e9tigny-sur-Orge after-sales branch. Here's a look back on the day!","breadcrumb":{"@id":"https:\/\/www.france-elevateur.fr\/en\/customer-day-at-bretigny-sur-orge-a-day-of-conviviality-and-exchange\/#breadcrumb"},"inLanguage":"en-US","potentialAction":[{"@type":"ReadAction","target":["https:\/\/www.france-elevateur.fr\/en\/customer-day-at-bretigny-sur-orge-a-day-of-conviviality-and-exchange\/"]}]},{"@type":"ImageObject","inLanguage":"en-US","@id":"https:\/\/www.france-elevateur.fr\/en\/customer-day-at-bretigny-sur-orge-a-day-of-conviviality-and-exchange\/#primaryimage","url":"https:\/\/www.france-elevateur.fr\/wp-content\/uploads\/2025\/06\/Montage-photo-journee-clients.png","contentUrl":"https:\/\/www.france-elevateur.fr\/wp-content\/uploads\/2025\/06\/Montage-photo-journee-clients.png","width":6912,"height":3456},{"@type":"BreadcrumbList","@id":"https:\/\/www.france-elevateur.fr\/en\/customer-day-at-bretigny-sur-orge-a-day-of-conviviality-and-exchange\/#breadcrumb","itemListElement":[{"@type":"ListItem","position":1,"name":"","item":"https:\/\/www.france-elevateur.fr\/en\/"},{"@type":"ListItem","position":2,"name":"Customer Day at Br\u00e9tigny-sur-Orge: a day of conviviality and exchange!"}]},{"@type":"WebSite","@id":"https:\/\/www.france-elevateur.fr\/en\/#website","url":"https:\/\/www.france-elevateur.fr\/en\/","name":"France El\u00e9vateur","description":"Design and manufacture of aerial work platforms","publisher":{"@id":"https:\/\/www.france-elevateur.fr\/en\/#organization"},"potentialAction":[{"@type":"SearchAction","target":{"@type":"EntryPoint","urlTemplate":"https:\/\/www.france-elevateur.fr\/en\/?s={search_term_string}"},"query-input":{"@type":"PropertyValueSpecification","valueRequired":true,"valueName":"search_term_string"}}],"inLanguage":"en-US"},{"@type":"Organization","@id":"https:\/\/www.france-elevateur.fr\/en\/#organization","name":"France El\u00e9vateur","url":"https:\/\/www.france-elevateur.fr\/en\/","logo":{"@type":"ImageObject","inLanguage":"en-US","@id":"https:\/\/www.france-elevateur.fr\/en\/#\/schema\/logo\/image\/","url":"https:\/\/www.france-elevateur.fr\/wp-content\/uploads\/2022\/06\/FE-Logo-w-Tagline.jpg","contentUrl":"https:\/\/www.france-elevateur.fr\/wp-content\/uploads\/2022\/06\/FE-Logo-w-Tagline.jpg","width":768,"height":493,"caption":"France El\u00e9vateur"},"image":{"@id":"https:\/\/www.france-elevateur.fr\/en\/#\/schema\/logo\/image\/"}},{"@type":"Person","@id":"https:\/\/www.france-elevateur.fr\/en\/#\/schema\/person\/fdd2518a7642694b5cb1d9c03ca4b95d","name":"Cynthia Ott","image":{"@type":"ImageObject","inLanguage":"en-US","@id":"https:\/\/www.france-elevateur.fr\/en\/#\/schema\/person\/image\/","url":"https:\/\/secure.gravatar.com\/avatar\/990fabe268132ecda9ee382116bc49fd1f0788698dc364134535fd5b54e43a35?s=96&d=mm&r=g","contentUrl":"https:\/\/secure.gravatar.com\/avatar\/990fabe268132ecda9ee382116bc49fd1f0788698dc364134535fd5b54e43a35?s=96&d=mm&r=g","caption":"Cynthia Ott"},"url":"https:\/\/www.france-elevateur.fr\/en\/author\/fe_cynthia\/"}]}},"_links":{"self":[{"href":"https:\/\/www.france-elevateur.fr\/en\/wp-json\/wp\/v2\/posts\/9587","targetHints":{"allow":["GET"]}}],"collection":[{"href":"https:\/\/www.france-elevateur.fr\/en\/wp-json\/wp\/v2\/posts"}],"about":[{"href":"https:\/\/www.france-elevateur.fr\/en\/wp-json\/wp\/v2\/types\/post"}],"author":[{"embeddable":true,"href":"https:\/\/www.france-elevateur.fr\/en\/wp-json\/wp\/v2\/users\/13"}],"replies":[{"embeddable":true,"href":"https:\/\/www.france-elevateur.fr\/en\/wp-json\/wp\/v2\/comments?post=9587"}],"version-history":[{"count":3,"href":"https:\/\/www.france-elevateur.fr\/en\/wp-json\/wp\/v2\/posts\/9587\/revisions"}],"predecessor-version":[{"id":9768,"href":"https:\/\/www.france-elevateur.fr\/en\/wp-json\/wp\/v2\/posts\/9587\/revisions\/9768"}],"wp:featuredmedia":[{"embeddable":true,"href":"https:\/\/www.france-elevateur.fr\/en\/wp-json\/wp\/v2\/media\/9625"}],"wp:attachment":[{"href":"https:\/\/www.france-elevateur.fr\/en\/wp-json\/wp\/v2\/media?parent=9587"}],"wp:term":[{"taxonomy":"category","embeddable":true,"href":"https:\/\/www.france-elevateur.fr\/en\/wp-json\/wp\/v2\/categories?post=9587"},{"taxonomy":"post_tag","embeddable":true,"href":"https:\/\/www.france-elevateur.fr\/en\/wp-json\/wp\/v2\/tags?post=9587"}],"curies":[{"name":"wp","href":"https:\/\/api.w.org\/{rel}","templated":true}]}}