
{"id":3825,"date":"2022-03-25T10:25:58","date_gmt":"2022-03-25T10:25:58","guid":{"rendered":"https:\/\/www.france-elevateur.fr\/france-elevateur-participates-in-the-jdl-journees-du-levage-in-beaune\/"},"modified":"2022-03-25T10:26:00","modified_gmt":"2022-03-25T10:26:00","slug":"france-elevateur-participates-in-the-jdl-journees-du-levage-in-beaune","status":"publish","type":"post","link":"https:\/\/www.france-elevateur.fr\/en\/france-elevateur-participates-in-the-jdl-journees-du-levage-in-beaune\/","title":{"rendered":"France \u00c9l\u00e9vateur participates in the JDL (Journ\u00e9es du Levage) in Beaune"},"content":{"rendered":"<p><span style=\"font-size: medium;\">France \u00c9l\u00e9vateur<b> <\/b>was in Bourgogne-Franche-Comt\u00e9, in Beaune, on June 23, 24 and 25 for the JDL exhibition. After another successful edition in 2020, the event was back for the summer of 2021. Of course, we couldn&#8217;t miss this meeting between professionals.<\/span><\/p>\n<h2><span style=\"font-size: large;\">The JDL, an expected European event<\/span><\/h2>\n<p>The JDL (Journ\u00e9es du Levage) will take place from June 23 to 25, 2021, again at the Palais des Congr\u00e8s in Beaune. Above all, they provide an opportunity to meet professionals, decision-makers and investors from all over Europe who specialize in lifting equipment, handling, working at height and heavy transport.<\/p>\n<p>Every year, for the past ten years, manufacturers have been exhibiting their latest material innovations in a friendly and relaxed atmosphere. Federations such as the DLR, France Plateaux, UFL, SPMDG, FNTR, or Ipaf support this exhibition.<\/p>\n<p>&nbsp;<\/p>\n<h2><span style=\"font-size: large;\">A new edition of JDL for France Elevator<\/span><\/h2>\n<p><span style=\"font-size: medium;\">France El\u00e9vateur has been a loyal participant in the JDL since its inception. Designer and manufacturer of aerial work platforms, we are committed to being present each year to exhibit our new products.<\/span><\/p>\n<p><img loading=\"lazy\" decoding=\"async\" class=\"aligncenter wp-image-3031 size-large\" src=\"https:\/\/www.france-elevateur.fr\/wp-content\/uploads\/2021\/06\/photo-jour-1-1024x576.jpg\" alt=\"France El\u00e9vateur stand at JDL\" width=\"640\" height=\"360\" srcset=\"https:\/\/www.france-elevateur.fr\/wp-content\/uploads\/2021\/06\/photo-jour-1-1024x576.jpg 1024w, https:\/\/www.france-elevateur.fr\/wp-content\/uploads\/2021\/06\/photo-jour-1-300x169.jpg 300w, https:\/\/www.france-elevateur.fr\/wp-content\/uploads\/2021\/06\/photo-jour-1-768x432.jpg 768w, https:\/\/www.france-elevateur.fr\/wp-content\/uploads\/2021\/06\/photo-jour-1-1536x864.jpg 1536w, https:\/\/www.france-elevateur.fr\/wp-content\/uploads\/2021\/06\/photo-jour-1.jpg 2048w\" sizes=\"auto, (max-width: 640px) 100vw, 640px\" \/><\/p>\n<p><span style=\"font-size: medium;\">We were able to represent what France Elevator is in 2021, by exhibiting the diversity of our machines and our flagship products. And for the first time, the <a href=\"https:\/\/movex.co.uk\/\">Movex<\/a> range was present under the France \u00c9l\u00e9vateur banner, following the <a href=\"https:\/\/www.france-elevateur.fr\/france-elevateur-acquiert-movex\/\">acquisition of the Catalan leader<\/a> on March 17. <\/span><\/p>\n<p><span style=\"font-size: medium;\">If you were present at the show, you could discover the classic <a href=\"https:\/\/www.france-elevateur.fr\/produit\/topy-11-ford-transit\/\">TOPY 11<\/a> reinvented in 2020. The latest generation of the emblematic TOPY range mounted on Ford Transit represents the technological evolution of our sector. Optimized for your work, simplified in its use, adaptable to any type of terrain and for many activities. Its performance, reliability and accessibility make it a favorite among many professionals.<\/span><\/p>\n<h2>Une exposition, des mod\u00e8les, des d\u00e9monstrations<\/h2>\n<p><span style=\"font-size: medium;\">Among the other machines that visitors could admire were:<\/span><\/p>\n<ul>\n<li><span style=\"font-size: medium;\"><a href=\"https:\/\/www.france-elevateur.fr\/produit\/121-fcce-renault-master-ze\/\">the 121 Fcce on Renault Master ZE<\/a> 100% electric (range of 120 km), another vehicle that demonstrates the technological progress of France \u00c9l\u00e9vateur: it allows 3 to 4 times more cycles than the old generation system. The AWP can be mobilized for 120 minutes continuously. Small footprint, yet performance for urban use;<\/span><\/li>\n<li><span style=\"font-size: medium;\">the <a href=\"https:\/\/www.france-elevateur.fr\/produit\/101-fcc-renault-trafic\/\">101 Fcc on Renault Trafic<\/a>, mounted on a L2H1 van, a very handy model despite its large loading capacity, due to the truncated body at the rear, limiting the overhang;<\/span><\/li>\n<li><span style=\"font-size: medium;\">the 121FT mounted on Mercedes Sprinter. This model had initiated the concept of the 3t5 light vehicle van. Since 1980, it has continued to evolve to better meet the needs of the market. It is the best-seller of the Telecom and EP market!<\/span><\/li>\n<\/ul>\n<p><img loading=\"lazy\" decoding=\"async\" class=\"wp-image-3037 size-medium alignleft\" src=\"https:\/\/www.france-elevateur.fr\/wp-content\/uploads\/2021\/06\/Realite-virtuelle-225x300.jpg\" alt=\"virtual reality: first aid challenge\" width=\"225\" height=\"300\" srcset=\"https:\/\/www.france-elevateur.fr\/wp-content\/uploads\/2021\/06\/Realite-virtuelle-225x300.jpg 225w, https:\/\/www.france-elevateur.fr\/wp-content\/uploads\/2021\/06\/Realite-virtuelle-769x1024.jpg 769w, https:\/\/www.france-elevateur.fr\/wp-content\/uploads\/2021\/06\/Realite-virtuelle-768x1023.jpg 768w, https:\/\/www.france-elevateur.fr\/wp-content\/uploads\/2021\/06\/Realite-virtuelle-1153x1536.jpg 1153w, https:\/\/www.france-elevateur.fr\/wp-content\/uploads\/2021\/06\/Realite-virtuelle.jpg 1537w\" sizes=\"auto, (max-width: 225px) 100vw, 225px\" \/><\/p>\n<p><span style=\"font-size: medium;\">New this year, we organized a VR challenge. The goal: to perform emergency maneuvers as quickly as possible with the help of a virtual reality helmet. The prize is a magnum of Ruinart for the fastest competitor. These helmets are the ones used at FE training. <\/span><\/p>\n<p>&nbsp;<\/p>\n<p><span style=\"font-size: medium;\">Place the headset on your head and find yourself immersed in a virtual space in which you must help a colleague who has fallen ill. With the joysticks, you must successfully take control of the AWP control box and lower the basket to assist your colleague who needs to be rescued.<\/span><\/p>\n<p>&nbsp;<\/p>\n<p>&nbsp;<\/p>\n<p><span style=\"font-size: medium;\">This exhibition, which has a European influence, allows France \u00c9l\u00e9vateur, each year, to highlight its know-how and the quality of its aerial work platforms. With over 120 exhibitors in 2021, France \u00c9l\u00e9vateur is proud to participate in this event since its inception. <\/span><\/p>\n","protected":false},"excerpt":{"rendered":"<p>France \u00c9l\u00e9vateur was in Bourgogne-Franche-Comt\u00e9, in Beaune, on June 23, 24 and 25 for the JDL exhibition. After another successful edition in 2020, the event was back for the summer of 2021. Of course, we couldn&#8217;t miss this meeting between professionals. The JDL, an expected European event The JDL (Journ\u00e9es du Levage) will take place [&hellip;]<\/p>\n","protected":false},"author":11,"featured_media":3028,"comment_status":"open","ping_status":"open","sticky":false,"template":"","format":"standard","meta":{"_acf_changed":false,"content-type":"","footnotes":""},"categories":[85],"tags":[86,87,88,90,103,93],"class_list":["post-3825","post","type-post","status-publish","format-standard","has-post-thumbnail","hentry","category-news-en","tag-evenement-en","tag-expo-en","tag-exposition-en","tag-jdl-en","tag-journees-du-levage-en","tag-salon-en"],"acf":[],"yoast_head":"<!-- This site is optimized with the Yoast SEO plugin v26.8 - https:\/\/yoast.com\/product\/yoast-seo-wordpress\/ -->\n<title>JDL Expo 2021: Assessment for France El\u00e9vateur - France El\u00e9vateur<\/title>\n<meta name=\"description\" content=\"France ELEVATEUR participated in the Journ\u00e9es du Levage (JDL) in June 2021: new products, VR helmet, demonstrations... A look back at the show.\" \/>\n<meta name=\"robots\" content=\"index, follow, max-snippet:-1, max-image-preview:large, max-video-preview:-1\" \/>\n<link rel=\"canonical\" href=\"https:\/\/www.france-elevateur.fr\/en\/france-elevateur-participates-in-the-jdl-journees-du-levage-in-beaune\/\" \/>\n<meta property=\"og:locale\" content=\"en_US\" \/>\n<meta property=\"og:type\" content=\"article\" \/>\n<meta property=\"og:title\" content=\"JDL Expo 2021: Assessment for France El\u00e9vateur - France El\u00e9vateur\" \/>\n<meta property=\"og:description\" content=\"France ELEVATEUR participated in the Journ\u00e9es du Levage (JDL) in June 2021: new products, VR helmet, demonstrations... A look back at the show.\" \/>\n<meta property=\"og:url\" content=\"https:\/\/www.france-elevateur.fr\/en\/france-elevateur-participates-in-the-jdl-journees-du-levage-in-beaune\/\" \/>\n<meta property=\"og:site_name\" content=\"France El\u00e9vateur\" \/>\n<meta property=\"article:published_time\" content=\"2022-03-25T10:25:58+00:00\" \/>\n<meta property=\"article:modified_time\" content=\"2022-03-25T10:26:00+00:00\" \/>\n<meta property=\"og:image\" content=\"https:\/\/www.france-elevateur.fr\/wp-content\/uploads\/2021\/06\/JOURNEE-DU-LEVAGE-MA-GUEULE.jpg\" \/>\n\t<meta property=\"og:image:width\" content=\"2048\" \/>\n\t<meta property=\"og:image:height\" content=\"1152\" \/>\n\t<meta property=\"og:image:type\" content=\"image\/jpeg\" \/>\n<meta name=\"author\" content=\"Anne-Sophie Joscht\" \/>\n<meta name=\"twitter:card\" content=\"summary_large_image\" \/>\n<meta name=\"twitter:label1\" content=\"Written by\" \/>\n\t<meta name=\"twitter:data1\" content=\"Anne-Sophie Joscht\" \/>\n\t<meta name=\"twitter:label2\" content=\"Est. reading time\" \/>\n\t<meta name=\"twitter:data2\" content=\"3 minutes\" \/>\n<script type=\"application\/ld+json\" class=\"yoast-schema-graph\">{\"@context\":\"https:\/\/schema.org\",\"@graph\":[{\"@type\":\"Article\",\"@id\":\"https:\/\/www.france-elevateur.fr\/en\/france-elevateur-participates-in-the-jdl-journees-du-levage-in-beaune\/#article\",\"isPartOf\":{\"@id\":\"https:\/\/www.france-elevateur.fr\/en\/france-elevateur-participates-in-the-jdl-journees-du-levage-in-beaune\/\"},\"author\":{\"name\":\"Anne-Sophie Joscht\",\"@id\":\"https:\/\/www.france-elevateur.fr\/en\/#\/schema\/person\/f6b1fe12f130440e31c85e3c81ea7067\"},\"headline\":\"France \u00c9l\u00e9vateur participates in the JDL (Journ\u00e9es du Levage) in Beaune\",\"datePublished\":\"2022-03-25T10:25:58+00:00\",\"dateModified\":\"2022-03-25T10:26:00+00:00\",\"mainEntityOfPage\":{\"@id\":\"https:\/\/www.france-elevateur.fr\/en\/france-elevateur-participates-in-the-jdl-journees-du-levage-in-beaune\/\"},\"wordCount\":574,\"commentCount\":0,\"publisher\":{\"@id\":\"https:\/\/www.france-elevateur.fr\/en\/#organization\"},\"image\":{\"@id\":\"https:\/\/www.france-elevateur.fr\/en\/france-elevateur-participates-in-the-jdl-journees-du-levage-in-beaune\/#primaryimage\"},\"thumbnailUrl\":\"https:\/\/www.france-elevateur.fr\/wp-content\/uploads\/2021\/06\/JOURNEE-DU-LEVAGE-MA-GUEULE.jpg\",\"keywords\":[\"\u00e9v\u00e9nement\",\"expo\",\"exposition\",\"jdl\",\"journ\u00e9es du levage\",\"salon\"],\"articleSection\":[\"News\"],\"inLanguage\":\"en-US\"},{\"@type\":\"WebPage\",\"@id\":\"https:\/\/www.france-elevateur.fr\/en\/france-elevateur-participates-in-the-jdl-journees-du-levage-in-beaune\/\",\"url\":\"https:\/\/www.france-elevateur.fr\/en\/france-elevateur-participates-in-the-jdl-journees-du-levage-in-beaune\/\",\"name\":\"JDL Expo 2021: Assessment for France El\u00e9vateur - France El\u00e9vateur\",\"isPartOf\":{\"@id\":\"https:\/\/www.france-elevateur.fr\/en\/#website\"},\"primaryImageOfPage\":{\"@id\":\"https:\/\/www.france-elevateur.fr\/en\/france-elevateur-participates-in-the-jdl-journees-du-levage-in-beaune\/#primaryimage\"},\"image\":{\"@id\":\"https:\/\/www.france-elevateur.fr\/en\/france-elevateur-participates-in-the-jdl-journees-du-levage-in-beaune\/#primaryimage\"},\"thumbnailUrl\":\"https:\/\/www.france-elevateur.fr\/wp-content\/uploads\/2021\/06\/JOURNEE-DU-LEVAGE-MA-GUEULE.jpg\",\"datePublished\":\"2022-03-25T10:25:58+00:00\",\"dateModified\":\"2022-03-25T10:26:00+00:00\",\"description\":\"France ELEVATEUR participated in the Journ\u00e9es du Levage (JDL) in June 2021: new products, VR helmet, demonstrations... A look back at the show.\",\"breadcrumb\":{\"@id\":\"https:\/\/www.france-elevateur.fr\/en\/france-elevateur-participates-in-the-jdl-journees-du-levage-in-beaune\/#breadcrumb\"},\"inLanguage\":\"en-US\",\"potentialAction\":[{\"@type\":\"ReadAction\",\"target\":[\"https:\/\/www.france-elevateur.fr\/en\/france-elevateur-participates-in-the-jdl-journees-du-levage-in-beaune\/\"]}]},{\"@type\":\"ImageObject\",\"inLanguage\":\"en-US\",\"@id\":\"https:\/\/www.france-elevateur.fr\/en\/france-elevateur-participates-in-the-jdl-journees-du-levage-in-beaune\/#primaryimage\",\"url\":\"https:\/\/www.france-elevateur.fr\/wp-content\/uploads\/2021\/06\/JOURNEE-DU-LEVAGE-MA-GUEULE.jpg\",\"contentUrl\":\"https:\/\/www.france-elevateur.fr\/wp-content\/uploads\/2021\/06\/JOURNEE-DU-LEVAGE-MA-GUEULE.jpg\",\"width\":2048,\"height\":1152,\"caption\":\"France El\u00e9vateur at JDL, view from the top of their booth\"},{\"@type\":\"BreadcrumbList\",\"@id\":\"https:\/\/www.france-elevateur.fr\/en\/france-elevateur-participates-in-the-jdl-journees-du-levage-in-beaune\/#breadcrumb\",\"itemListElement\":[{\"@type\":\"ListItem\",\"position\":1,\"name\":\"\",\"item\":\"https:\/\/www.france-elevateur.fr\/en\/\"},{\"@type\":\"ListItem\",\"position\":2,\"name\":\"France \u00c9l\u00e9vateur participates in the JDL (Journ\u00e9es du Levage) in Beaune\"}]},{\"@type\":\"WebSite\",\"@id\":\"https:\/\/www.france-elevateur.fr\/en\/#website\",\"url\":\"https:\/\/www.france-elevateur.fr\/en\/\",\"name\":\"France El\u00e9vateur\",\"description\":\"Design and manufacture of aerial work platforms\",\"publisher\":{\"@id\":\"https:\/\/www.france-elevateur.fr\/en\/#organization\"},\"potentialAction\":[{\"@type\":\"SearchAction\",\"target\":{\"@type\":\"EntryPoint\",\"urlTemplate\":\"https:\/\/www.france-elevateur.fr\/en\/?s={search_term_string}\"},\"query-input\":{\"@type\":\"PropertyValueSpecification\",\"valueRequired\":true,\"valueName\":\"search_term_string\"}}],\"inLanguage\":\"en-US\"},{\"@type\":\"Organization\",\"@id\":\"https:\/\/www.france-elevateur.fr\/en\/#organization\",\"name\":\"France El\u00e9vateur\",\"url\":\"https:\/\/www.france-elevateur.fr\/en\/\",\"logo\":{\"@type\":\"ImageObject\",\"inLanguage\":\"en-US\",\"@id\":\"https:\/\/www.france-elevateur.fr\/en\/#\/schema\/logo\/image\/\",\"url\":\"https:\/\/www.france-elevateur.fr\/wp-content\/uploads\/2022\/06\/FE-Logo-w-Tagline.jpg\",\"contentUrl\":\"https:\/\/www.france-elevateur.fr\/wp-content\/uploads\/2022\/06\/FE-Logo-w-Tagline.jpg\",\"width\":768,\"height\":493,\"caption\":\"France El\u00e9vateur\"},\"image\":{\"@id\":\"https:\/\/www.france-elevateur.fr\/en\/#\/schema\/logo\/image\/\"}},{\"@type\":\"Person\",\"@id\":\"https:\/\/www.france-elevateur.fr\/en\/#\/schema\/person\/f6b1fe12f130440e31c85e3c81ea7067\",\"name\":\"Anne-Sophie Joscht\",\"image\":{\"@type\":\"ImageObject\",\"inLanguage\":\"en-US\",\"@id\":\"https:\/\/www.france-elevateur.fr\/en\/#\/schema\/person\/image\/\",\"url\":\"https:\/\/secure.gravatar.com\/avatar\/b3cfd5d1154c046656259aa611d65ba176331301bb881a8451971f2ce0fca902?s=96&d=mm&r=g\",\"contentUrl\":\"https:\/\/secure.gravatar.com\/avatar\/b3cfd5d1154c046656259aa611d65ba176331301bb881a8451971f2ce0fca902?s=96&d=mm&r=g\",\"caption\":\"Anne-Sophie Joscht\"},\"url\":\"https:\/\/www.france-elevateur.fr\/en\/author\/fe_annesophie\/\"}]}<\/script>\n<!-- \/ Yoast SEO plugin. -->","yoast_head_json":{"title":"JDL Expo 2021: Assessment for France El\u00e9vateur - France El\u00e9vateur","description":"France ELEVATEUR participated in the Journ\u00e9es du Levage (JDL) in June 2021: new products, VR helmet, demonstrations... A look back at the show.","robots":{"index":"index","follow":"follow","max-snippet":"max-snippet:-1","max-image-preview":"max-image-preview:large","max-video-preview":"max-video-preview:-1"},"canonical":"https:\/\/www.france-elevateur.fr\/en\/france-elevateur-participates-in-the-jdl-journees-du-levage-in-beaune\/","og_locale":"en_US","og_type":"article","og_title":"JDL Expo 2021: Assessment for France El\u00e9vateur - France El\u00e9vateur","og_description":"France ELEVATEUR participated in the Journ\u00e9es du Levage (JDL) in June 2021: new products, VR helmet, demonstrations... A look back at the show.","og_url":"https:\/\/www.france-elevateur.fr\/en\/france-elevateur-participates-in-the-jdl-journees-du-levage-in-beaune\/","og_site_name":"France El\u00e9vateur","article_published_time":"2022-03-25T10:25:58+00:00","article_modified_time":"2022-03-25T10:26:00+00:00","og_image":[{"width":2048,"height":1152,"url":"https:\/\/www.france-elevateur.fr\/wp-content\/uploads\/2021\/06\/JOURNEE-DU-LEVAGE-MA-GUEULE.jpg","type":"image\/jpeg"}],"author":"Anne-Sophie Joscht","twitter_card":"summary_large_image","twitter_misc":{"Written by":"Anne-Sophie Joscht","Est. reading time":"3 minutes"},"schema":{"@context":"https:\/\/schema.org","@graph":[{"@type":"Article","@id":"https:\/\/www.france-elevateur.fr\/en\/france-elevateur-participates-in-the-jdl-journees-du-levage-in-beaune\/#article","isPartOf":{"@id":"https:\/\/www.france-elevateur.fr\/en\/france-elevateur-participates-in-the-jdl-journees-du-levage-in-beaune\/"},"author":{"name":"Anne-Sophie Joscht","@id":"https:\/\/www.france-elevateur.fr\/en\/#\/schema\/person\/f6b1fe12f130440e31c85e3c81ea7067"},"headline":"France \u00c9l\u00e9vateur participates in the JDL (Journ\u00e9es du Levage) in Beaune","datePublished":"2022-03-25T10:25:58+00:00","dateModified":"2022-03-25T10:26:00+00:00","mainEntityOfPage":{"@id":"https:\/\/www.france-elevateur.fr\/en\/france-elevateur-participates-in-the-jdl-journees-du-levage-in-beaune\/"},"wordCount":574,"commentCount":0,"publisher":{"@id":"https:\/\/www.france-elevateur.fr\/en\/#organization"},"image":{"@id":"https:\/\/www.france-elevateur.fr\/en\/france-elevateur-participates-in-the-jdl-journees-du-levage-in-beaune\/#primaryimage"},"thumbnailUrl":"https:\/\/www.france-elevateur.fr\/wp-content\/uploads\/2021\/06\/JOURNEE-DU-LEVAGE-MA-GUEULE.jpg","keywords":["\u00e9v\u00e9nement","expo","exposition","jdl","journ\u00e9es du levage","salon"],"articleSection":["News"],"inLanguage":"en-US"},{"@type":"WebPage","@id":"https:\/\/www.france-elevateur.fr\/en\/france-elevateur-participates-in-the-jdl-journees-du-levage-in-beaune\/","url":"https:\/\/www.france-elevateur.fr\/en\/france-elevateur-participates-in-the-jdl-journees-du-levage-in-beaune\/","name":"JDL Expo 2021: Assessment for France El\u00e9vateur - France El\u00e9vateur","isPartOf":{"@id":"https:\/\/www.france-elevateur.fr\/en\/#website"},"primaryImageOfPage":{"@id":"https:\/\/www.france-elevateur.fr\/en\/france-elevateur-participates-in-the-jdl-journees-du-levage-in-beaune\/#primaryimage"},"image":{"@id":"https:\/\/www.france-elevateur.fr\/en\/france-elevateur-participates-in-the-jdl-journees-du-levage-in-beaune\/#primaryimage"},"thumbnailUrl":"https:\/\/www.france-elevateur.fr\/wp-content\/uploads\/2021\/06\/JOURNEE-DU-LEVAGE-MA-GUEULE.jpg","datePublished":"2022-03-25T10:25:58+00:00","dateModified":"2022-03-25T10:26:00+00:00","description":"France ELEVATEUR participated in the Journ\u00e9es du Levage (JDL) in June 2021: new products, VR helmet, demonstrations... A look back at the show.","breadcrumb":{"@id":"https:\/\/www.france-elevateur.fr\/en\/france-elevateur-participates-in-the-jdl-journees-du-levage-in-beaune\/#breadcrumb"},"inLanguage":"en-US","potentialAction":[{"@type":"ReadAction","target":["https:\/\/www.france-elevateur.fr\/en\/france-elevateur-participates-in-the-jdl-journees-du-levage-in-beaune\/"]}]},{"@type":"ImageObject","inLanguage":"en-US","@id":"https:\/\/www.france-elevateur.fr\/en\/france-elevateur-participates-in-the-jdl-journees-du-levage-in-beaune\/#primaryimage","url":"https:\/\/www.france-elevateur.fr\/wp-content\/uploads\/2021\/06\/JOURNEE-DU-LEVAGE-MA-GUEULE.jpg","contentUrl":"https:\/\/www.france-elevateur.fr\/wp-content\/uploads\/2021\/06\/JOURNEE-DU-LEVAGE-MA-GUEULE.jpg","width":2048,"height":1152,"caption":"France El\u00e9vateur at JDL, view from the top of their booth"},{"@type":"BreadcrumbList","@id":"https:\/\/www.france-elevateur.fr\/en\/france-elevateur-participates-in-the-jdl-journees-du-levage-in-beaune\/#breadcrumb","itemListElement":[{"@type":"ListItem","position":1,"name":"","item":"https:\/\/www.france-elevateur.fr\/en\/"},{"@type":"ListItem","position":2,"name":"France \u00c9l\u00e9vateur participates in the JDL (Journ\u00e9es du Levage) in Beaune"}]},{"@type":"WebSite","@id":"https:\/\/www.france-elevateur.fr\/en\/#website","url":"https:\/\/www.france-elevateur.fr\/en\/","name":"France El\u00e9vateur","description":"Design and manufacture of aerial work platforms","publisher":{"@id":"https:\/\/www.france-elevateur.fr\/en\/#organization"},"potentialAction":[{"@type":"SearchAction","target":{"@type":"EntryPoint","urlTemplate":"https:\/\/www.france-elevateur.fr\/en\/?s={search_term_string}"},"query-input":{"@type":"PropertyValueSpecification","valueRequired":true,"valueName":"search_term_string"}}],"inLanguage":"en-US"},{"@type":"Organization","@id":"https:\/\/www.france-elevateur.fr\/en\/#organization","name":"France El\u00e9vateur","url":"https:\/\/www.france-elevateur.fr\/en\/","logo":{"@type":"ImageObject","inLanguage":"en-US","@id":"https:\/\/www.france-elevateur.fr\/en\/#\/schema\/logo\/image\/","url":"https:\/\/www.france-elevateur.fr\/wp-content\/uploads\/2022\/06\/FE-Logo-w-Tagline.jpg","contentUrl":"https:\/\/www.france-elevateur.fr\/wp-content\/uploads\/2022\/06\/FE-Logo-w-Tagline.jpg","width":768,"height":493,"caption":"France El\u00e9vateur"},"image":{"@id":"https:\/\/www.france-elevateur.fr\/en\/#\/schema\/logo\/image\/"}},{"@type":"Person","@id":"https:\/\/www.france-elevateur.fr\/en\/#\/schema\/person\/f6b1fe12f130440e31c85e3c81ea7067","name":"Anne-Sophie Joscht","image":{"@type":"ImageObject","inLanguage":"en-US","@id":"https:\/\/www.france-elevateur.fr\/en\/#\/schema\/person\/image\/","url":"https:\/\/secure.gravatar.com\/avatar\/b3cfd5d1154c046656259aa611d65ba176331301bb881a8451971f2ce0fca902?s=96&d=mm&r=g","contentUrl":"https:\/\/secure.gravatar.com\/avatar\/b3cfd5d1154c046656259aa611d65ba176331301bb881a8451971f2ce0fca902?s=96&d=mm&r=g","caption":"Anne-Sophie Joscht"},"url":"https:\/\/www.france-elevateur.fr\/en\/author\/fe_annesophie\/"}]}},"_links":{"self":[{"href":"https:\/\/www.france-elevateur.fr\/en\/wp-json\/wp\/v2\/posts\/3825","targetHints":{"allow":["GET"]}}],"collection":[{"href":"https:\/\/www.france-elevateur.fr\/en\/wp-json\/wp\/v2\/posts"}],"about":[{"href":"https:\/\/www.france-elevateur.fr\/en\/wp-json\/wp\/v2\/types\/post"}],"author":[{"embeddable":true,"href":"https:\/\/www.france-elevateur.fr\/en\/wp-json\/wp\/v2\/users\/11"}],"replies":[{"embeddable":true,"href":"https:\/\/www.france-elevateur.fr\/en\/wp-json\/wp\/v2\/comments?post=3825"}],"version-history":[{"count":1,"href":"https:\/\/www.france-elevateur.fr\/en\/wp-json\/wp\/v2\/posts\/3825\/revisions"}],"predecessor-version":[{"id":3826,"href":"https:\/\/www.france-elevateur.fr\/en\/wp-json\/wp\/v2\/posts\/3825\/revisions\/3826"}],"wp:featuredmedia":[{"embeddable":true,"href":"https:\/\/www.france-elevateur.fr\/en\/wp-json\/wp\/v2\/media\/3028"}],"wp:attachment":[{"href":"https:\/\/www.france-elevateur.fr\/en\/wp-json\/wp\/v2\/media?parent=3825"}],"wp:term":[{"taxonomy":"category","embeddable":true,"href":"https:\/\/www.france-elevateur.fr\/en\/wp-json\/wp\/v2\/categories?post=3825"},{"taxonomy":"post_tag","embeddable":true,"href":"https:\/\/www.france-elevateur.fr\/en\/wp-json\/wp\/v2\/tags?post=3825"}],"curies":[{"name":"wp","href":"https:\/\/api.w.org\/{rel}","templated":true}]}}