
{"id":3812,"date":"2022-03-24T12:54:48","date_gmt":"2022-03-24T12:54:48","guid":{"rendered":"https:\/\/www.france-elevateur.fr\/movex-joins-the-france-elevateur-family\/"},"modified":"2022-03-24T12:54:48","modified_gmt":"2022-03-24T12:54:48","slug":"movex-joins-the-france-elevateur-family","status":"publish","type":"post","link":"https:\/\/www.france-elevateur.fr\/en\/movex-joins-the-france-elevateur-family\/","title":{"rendered":"Movex joins the France El\u00e9vateur family"},"content":{"rendered":"<p><i><span style=\"font-weight: 400;\">France El\u00e9vateur a int\u00e9gr\u00e9 Movex \u00e0 FE Group en mars dernier. Cette acquisition entre parfaitement dans notre strat\u00e9gie ambitieuse de croissance continue. Movex, leader du march\u00e9 espagnol, nous ouvre ainsi les portes du march\u00e9 dynamique m\u00e9diterran\u00e9en et sud-europ\u00e9en.<\/span><\/i><\/p>\n<h2><span style=\"font-weight: 400;\">Qu\u2019est-ce que Movex ?<\/span><\/h2>\n<p><span style=\"font-weight: 400;\">Fond\u00e9e en 1960, <strong>Movex est une industrie catalane<\/strong>, r\u00e9put\u00e9e pour son savoir-faire, la qualit\u00e9 de ses produits et la comp\u00e9titivit\u00e9 de son site de production. L\u2019entreprise espagnole con\u00e7oit et fabrique chaque ann\u00e9e <strong>plus de 200 \u00e9l\u00e9vateurs<\/strong>. Ces engins de 9 \u00e0 24 m sont con\u00e7us dans tout type de configuration.\u00a0 \u00c0 la fin de l\u2019ann\u00e9e 2020, <a href=\"https:\/\/movex.co.uk\/\">Movex<\/a> a d&#8217;ailleurs vu ses <strong>capacit\u00e9s de production doubler<\/strong> pour les porter \u00e0 400 unit\u00e9s annuelles, en emm\u00e9nageant dans un nouveau site de 6 000 m<\/span><span style=\"font-weight: 400;\">2<\/span><span style=\"font-weight: 400;\"> \u00e0 quelques kilom\u00e8tres de Barcelone.<\/span><\/p>\n<p><img loading=\"lazy\" decoding=\"async\" class=\"aligncenter wp-image-2890 size-large\" src=\"https:\/\/www.france-elevateur.fr\/wp-content\/uploads\/2021\/05\/Movex-societe-entreprise-lieu-1024x768.jpg\" alt=\"Entreprise Movex, lieu physique, garage nacelles\" width=\"640\" height=\"480\" srcset=\"https:\/\/www.france-elevateur.fr\/wp-content\/uploads\/2021\/05\/Movex-societe-entreprise-lieu-1024x768.jpg 1024w, https:\/\/www.france-elevateur.fr\/wp-content\/uploads\/2021\/05\/Movex-societe-entreprise-lieu-300x225.jpg 300w, https:\/\/www.france-elevateur.fr\/wp-content\/uploads\/2021\/05\/Movex-societe-entreprise-lieu-768x576.jpg 768w, https:\/\/www.france-elevateur.fr\/wp-content\/uploads\/2021\/05\/Movex-societe-entreprise-lieu-1536x1152.jpg 1536w, https:\/\/www.france-elevateur.fr\/wp-content\/uploads\/2021\/05\/Movex-societe-entreprise-lieu.jpg 1920w\" sizes=\"auto, (max-width: 640px) 100vw, 640px\" \/><\/p>\n<h2><span style=\"font-weight: 400;\">Une fusion d\u2019entreprises innovantes<\/span><\/h2>\n<p><span style=\"font-weight: 400;\">Chez France El\u00e9vateur, nous avons \u00e0 c\u0153ur de d\u00e9velopper, d&#8217;une part, de nouvelles strat\u00e9gies, techniques et produits innovants. Nos <\/span><span style=\"font-weight: 400;\">politiques de recherche, de recrutement et de formation sont d&#8217;autre part exigeantes et \u00e9voluent avec les nouveaux besoins, usages modernes et probl\u00e9matiques de s\u00e9curit\u00e9 des utilisateurs. <\/span><span style=\"font-weight: 400;\"><strong>D\u00e9j\u00e0 int\u00e9gr\u00e9 au sein de plusieurs march\u00e9s europ\u00e9ens avec des clients partout dans le monde, cette acquisition du leader espagnol nous permet d\u2019\u00e9largir encore notre pr\u00e9sence en Europe.<\/strong>\u00a0<\/span><\/p>\n<p><span style=\"font-weight: 400;\">Movex partage cette m\u00eame culture de l\u2019innovation, de l\u2019inventivit\u00e9 et de qualit\u00e9. La soci\u00e9t\u00e9 con\u00e7oit, comme France <\/span><span style=\"font-weight: 400;\">El\u00e9vateur<\/span><span style=\"font-weight: 400;\"><em>,<\/em> des machines sp\u00e9ciales \u00e0 exigences techniques et des appareils de s\u00e9rie r\u00e9pondant \u00e0 des standards tr\u00e8s \u00e9lev\u00e9s de performance et de s\u00e9curit\u00e9, destin\u00e9s \u00e0 des usages fr\u00e9quents dans tous les univers des infrastructures de r\u00e9seaux a\u00e9riens.<\/span><\/p>\n<p><img loading=\"lazy\" decoding=\"async\" class=\"aligncenter wp-image-2893 size-large\" src=\"https:\/\/www.france-elevateur.fr\/wp-content\/uploads\/2021\/05\/acquisition-movex-2-1024x768.jpg\" alt=\"Dirigeants France Elevateur Movex devant nacelle Movex lors de l'acquisition\" width=\"640\" height=\"480\" srcset=\"https:\/\/www.france-elevateur.fr\/wp-content\/uploads\/2021\/05\/acquisition-movex-2-1024x768.jpg 1024w, https:\/\/www.france-elevateur.fr\/wp-content\/uploads\/2021\/05\/acquisition-movex-2-300x225.jpg 300w, https:\/\/www.france-elevateur.fr\/wp-content\/uploads\/2021\/05\/acquisition-movex-2-768x576.jpg 768w, https:\/\/www.france-elevateur.fr\/wp-content\/uploads\/2021\/05\/acquisition-movex-2-1536x1152.jpg 1536w, https:\/\/www.france-elevateur.fr\/wp-content\/uploads\/2021\/05\/acquisition-movex-2.jpg 1920w\" sizes=\"auto, (max-width: 640px) 100vw, 640px\" \/><\/p>\n<h2><span style=\"font-weight: 400;\">Un palier de franchi dans notre croissance\u00a0<\/span><\/h2>\n<p><span style=\"font-weight: 400;\"><a href=\"https:\/\/www.constructioncayola.com\/reseaux\/article\/2021\/03\/17\/133149\/france-elevateur-acquiert-movex\">Movex<\/a> repr\u00e9sente un nouveau pilier solide pour FE Group. En plus d\u2019augmenter nos capacit\u00e9s de production, nous \u00e9largissons \u00e9galement notre offre dans un march\u00e9 tr\u00e8s dynamique et \u00e9volutif.<\/span><\/p>\n<p><span style=\"font-weight: 400;\"><strong>France El\u00e9vateur\u00a0 et Movex connaissent un rythme de croissance \u00e9lev\u00e9<\/strong> depuis plusieurs ann\u00e9es. Cette acc\u00e9l\u00e9ration s&#8217;est en outre effectu\u00e9e sous l\u2018effet de mutations technologiques et soci\u00e9tales de long terme. Ces derni\u00e8res entra\u00eenent des investissements importants dans de nombreuses infrastructures de r\u00e9seaux :<\/span><\/p>\n<ul>\n<li><span style=\"font-weight: 400;\">\u00e9mergence des <em>smart cities<\/em> (\u00e9clairage, r\u00e9seaux, s\u00e9curit\u00e9) ;<\/span><\/li>\n<li><span style=\"font-weight: 400;\">d\u00e9ploiements g\u00e9n\u00e9ralis\u00e9s de la fibre optique en t\u00e9l\u00e9coms ; <\/span><\/li>\n<li><span style=\"font-weight: 400;\">plans de r\u00e9novation et de renforcement des r\u00e9seaux de transport et distribution d\u2019\u00e9lectricit\u00e9 ; <\/span><\/li>\n<li><span style=\"font-weight: 400;\">besoins croissants d\u2019entretien des r\u00e9seaux ferroviaires \u00e9lectrifi\u00e9s ; <\/span><\/li>\n<li><span style=\"font-weight: 400;\">mouvement de normalisation internationale en mati\u00e8re de s\u00e9curit\u00e9 et de sp\u00e9cifications ; etc.\u00a0<\/span><\/li>\n<\/ul>\n<p><span style=\"font-weight: 400;\">Suite \u00e0 cette <a href=\"https:\/\/www.lesechos.fr\/pme-regions\/grand-est\/france-elevateur-acquiert-lespagnol-movex-1298999\">association<\/a>, Movex et France\u00a0<\/span>El\u00e9vateur<span style=\"font-weight: 400;\"> vont ainsi conjuguer leurs forces pour faire face sereinement \u00e0 ce secteur exigeant qui s&#8217;internationalise. En d\u00e9finitive, cet ensemble unique, qui r\u00e9sulte de cette unification, verra son chiffre d\u2019affaires cro\u00eetre de fa\u00e7on organique de +30% cette ann\u00e9e, approchant les 100 millions d\u2019euros en 2020. Cet ensemble compte d\u00e9sormais 450 salari\u00e9s et 1 600 nacelles produites chaque ann\u00e9e. Nous disposons \u00e9galement d\u2019un r\u00e9seau unique de 15 agences de maintenance d\u00e9ploy\u00e9es en France, en Espagne, en Allemagne, d\u2019une gamme compl\u00e8te de services associ\u00e9s, et de clients prestigieux dans le monde entier. Nous sommes enchant\u00e9s et fiers d\u2019inclure Movex au sein de notre groupe.\u00a0<\/span><\/p>\n","protected":false},"excerpt":{"rendered":"<p>France El\u00e9vateur a int\u00e9gr\u00e9 Movex \u00e0 FE Group en mars dernier. Cette acquisition entre parfaitement dans notre strat\u00e9gie ambitieuse de croissance continue. Movex, leader du march\u00e9 espagnol, nous ouvre ainsi les portes du march\u00e9 dynamique m\u00e9diterran\u00e9en et sud-europ\u00e9en. Qu\u2019est-ce que Movex ? Fond\u00e9e en 1960, Movex est une industrie catalane, r\u00e9put\u00e9e pour son savoir-faire, la [&hellip;]<\/p>\n","protected":false},"author":11,"featured_media":2911,"comment_status":"open","ping_status":"open","sticky":false,"template":"","format":"standard","meta":{"_acf_changed":false,"content-type":"","footnotes":""},"categories":[108,85],"tags":[166,171,219,218,216,217],"class_list":["post-3812","post","type-post","status-publish","format-standard","has-post-thumbnail","hentry","category-company-life","category-news-en","tag-acquisition-en","tag-fe-group-en","tag-growth","tag-leader-en","tag-movex-en","tag-spain"],"acf":[],"yoast_head":"<!-- This site is optimized with the Yoast SEO plugin v26.8 - https:\/\/yoast.com\/product\/yoast-seo-wordpress\/ -->\n<title>Movex joins the France El\u00e9vateur family - France El\u00e9vateur<\/title>\n<meta name=\"description\" content=\"France El\u00e9vateur acquires the Catalan company Movex, leader of the Spanish aerial work platform market.\" \/>\n<meta name=\"robots\" content=\"index, follow, max-snippet:-1, max-image-preview:large, max-video-preview:-1\" \/>\n<link rel=\"canonical\" href=\"https:\/\/www.france-elevateur.fr\/en\/movex-joins-the-france-elevateur-family\/\" \/>\n<meta property=\"og:locale\" content=\"en_US\" \/>\n<meta property=\"og:type\" content=\"article\" \/>\n<meta property=\"og:title\" content=\"Movex joins the France El\u00e9vateur family - France El\u00e9vateur\" \/>\n<meta property=\"og:description\" content=\"France El\u00e9vateur acquires the Catalan company Movex, leader of the Spanish aerial work platform market.\" \/>\n<meta property=\"og:url\" content=\"https:\/\/www.france-elevateur.fr\/en\/movex-joins-the-france-elevateur-family\/\" \/>\n<meta property=\"og:site_name\" content=\"France El\u00e9vateur\" \/>\n<meta property=\"article:published_time\" content=\"2022-03-24T12:54:48+00:00\" \/>\n<meta property=\"og:image\" content=\"https:\/\/www.france-elevateur.fr\/wp-content\/uploads\/2021\/03\/banniere-MOVEX.jpg\" \/>\n\t<meta property=\"og:image:width\" content=\"1920\" \/>\n\t<meta property=\"og:image:height\" content=\"1080\" \/>\n\t<meta property=\"og:image:type\" content=\"image\/jpeg\" \/>\n<meta name=\"author\" content=\"Anne-Sophie Joscht\" \/>\n<meta name=\"twitter:card\" content=\"summary_large_image\" \/>\n<meta name=\"twitter:label1\" content=\"Written by\" \/>\n\t<meta name=\"twitter:data1\" content=\"Anne-Sophie Joscht\" \/>\n\t<meta name=\"twitter:label2\" content=\"Est. reading time\" \/>\n\t<meta name=\"twitter:data2\" content=\"3 minutes\" \/>\n<script type=\"application\/ld+json\" class=\"yoast-schema-graph\">{\"@context\":\"https:\/\/schema.org\",\"@graph\":[{\"@type\":\"Article\",\"@id\":\"https:\/\/www.france-elevateur.fr\/en\/movex-joins-the-france-elevateur-family\/#article\",\"isPartOf\":{\"@id\":\"https:\/\/www.france-elevateur.fr\/en\/movex-joins-the-france-elevateur-family\/\"},\"author\":{\"name\":\"Anne-Sophie Joscht\",\"@id\":\"https:\/\/www.france-elevateur.fr\/en\/#\/schema\/person\/f6b1fe12f130440e31c85e3c81ea7067\"},\"headline\":\"Movex joins the France El\u00e9vateur family\",\"datePublished\":\"2022-03-24T12:54:48+00:00\",\"mainEntityOfPage\":{\"@id\":\"https:\/\/www.france-elevateur.fr\/en\/movex-joins-the-france-elevateur-family\/\"},\"wordCount\":579,\"commentCount\":0,\"publisher\":{\"@id\":\"https:\/\/www.france-elevateur.fr\/en\/#organization\"},\"image\":{\"@id\":\"https:\/\/www.france-elevateur.fr\/en\/movex-joins-the-france-elevateur-family\/#primaryimage\"},\"thumbnailUrl\":\"https:\/\/www.france-elevateur.fr\/wp-content\/uploads\/2021\/03\/banniere-MOVEX.jpg\",\"keywords\":[\"acquisition\",\"FE group\",\"growth\",\"leader\",\"movex\",\"spain\"],\"articleSection\":[\"Company's life\",\"News\"],\"inLanguage\":\"en-US\"},{\"@type\":\"WebPage\",\"@id\":\"https:\/\/www.france-elevateur.fr\/en\/movex-joins-the-france-elevateur-family\/\",\"url\":\"https:\/\/www.france-elevateur.fr\/en\/movex-joins-the-france-elevateur-family\/\",\"name\":\"Movex joins the France El\u00e9vateur family - France El\u00e9vateur\",\"isPartOf\":{\"@id\":\"https:\/\/www.france-elevateur.fr\/en\/#website\"},\"primaryImageOfPage\":{\"@id\":\"https:\/\/www.france-elevateur.fr\/en\/movex-joins-the-france-elevateur-family\/#primaryimage\"},\"image\":{\"@id\":\"https:\/\/www.france-elevateur.fr\/en\/movex-joins-the-france-elevateur-family\/#primaryimage\"},\"thumbnailUrl\":\"https:\/\/www.france-elevateur.fr\/wp-content\/uploads\/2021\/03\/banniere-MOVEX.jpg\",\"datePublished\":\"2022-03-24T12:54:48+00:00\",\"description\":\"France El\u00e9vateur acquires the Catalan company Movex, leader of the Spanish aerial work platform market.\",\"breadcrumb\":{\"@id\":\"https:\/\/www.france-elevateur.fr\/en\/movex-joins-the-france-elevateur-family\/#breadcrumb\"},\"inLanguage\":\"en-US\",\"potentialAction\":[{\"@type\":\"ReadAction\",\"target\":[\"https:\/\/www.france-elevateur.fr\/en\/movex-joins-the-france-elevateur-family\/\"]}]},{\"@type\":\"ImageObject\",\"inLanguage\":\"en-US\",\"@id\":\"https:\/\/www.france-elevateur.fr\/en\/movex-joins-the-france-elevateur-family\/#primaryimage\",\"url\":\"https:\/\/www.france-elevateur.fr\/wp-content\/uploads\/2021\/03\/banniere-MOVEX.jpg\",\"contentUrl\":\"https:\/\/www.france-elevateur.fr\/wp-content\/uploads\/2021\/03\/banniere-MOVEX.jpg\",\"width\":1920,\"height\":1080,\"caption\":\"France ELEVATEUR and MOVEX logos\"},{\"@type\":\"BreadcrumbList\",\"@id\":\"https:\/\/www.france-elevateur.fr\/en\/movex-joins-the-france-elevateur-family\/#breadcrumb\",\"itemListElement\":[{\"@type\":\"ListItem\",\"position\":1,\"name\":\"\",\"item\":\"https:\/\/www.france-elevateur.fr\/en\/\"},{\"@type\":\"ListItem\",\"position\":2,\"name\":\"Movex joins the France El\u00e9vateur family\"}]},{\"@type\":\"WebSite\",\"@id\":\"https:\/\/www.france-elevateur.fr\/en\/#website\",\"url\":\"https:\/\/www.france-elevateur.fr\/en\/\",\"name\":\"France El\u00e9vateur\",\"description\":\"Design and manufacture of aerial work platforms\",\"publisher\":{\"@id\":\"https:\/\/www.france-elevateur.fr\/en\/#organization\"},\"potentialAction\":[{\"@type\":\"SearchAction\",\"target\":{\"@type\":\"EntryPoint\",\"urlTemplate\":\"https:\/\/www.france-elevateur.fr\/en\/?s={search_term_string}\"},\"query-input\":{\"@type\":\"PropertyValueSpecification\",\"valueRequired\":true,\"valueName\":\"search_term_string\"}}],\"inLanguage\":\"en-US\"},{\"@type\":\"Organization\",\"@id\":\"https:\/\/www.france-elevateur.fr\/en\/#organization\",\"name\":\"France El\u00e9vateur\",\"url\":\"https:\/\/www.france-elevateur.fr\/en\/\",\"logo\":{\"@type\":\"ImageObject\",\"inLanguage\":\"en-US\",\"@id\":\"https:\/\/www.france-elevateur.fr\/en\/#\/schema\/logo\/image\/\",\"url\":\"https:\/\/www.france-elevateur.fr\/wp-content\/uploads\/2022\/06\/FE-Logo-w-Tagline.jpg\",\"contentUrl\":\"https:\/\/www.france-elevateur.fr\/wp-content\/uploads\/2022\/06\/FE-Logo-w-Tagline.jpg\",\"width\":768,\"height\":493,\"caption\":\"France El\u00e9vateur\"},\"image\":{\"@id\":\"https:\/\/www.france-elevateur.fr\/en\/#\/schema\/logo\/image\/\"}},{\"@type\":\"Person\",\"@id\":\"https:\/\/www.france-elevateur.fr\/en\/#\/schema\/person\/f6b1fe12f130440e31c85e3c81ea7067\",\"name\":\"Anne-Sophie Joscht\",\"image\":{\"@type\":\"ImageObject\",\"inLanguage\":\"en-US\",\"@id\":\"https:\/\/www.france-elevateur.fr\/en\/#\/schema\/person\/image\/\",\"url\":\"https:\/\/secure.gravatar.com\/avatar\/b3cfd5d1154c046656259aa611d65ba176331301bb881a8451971f2ce0fca902?s=96&d=mm&r=g\",\"contentUrl\":\"https:\/\/secure.gravatar.com\/avatar\/b3cfd5d1154c046656259aa611d65ba176331301bb881a8451971f2ce0fca902?s=96&d=mm&r=g\",\"caption\":\"Anne-Sophie Joscht\"},\"url\":\"https:\/\/www.france-elevateur.fr\/en\/author\/fe_annesophie\/\"}]}<\/script>\n<!-- \/ Yoast SEO plugin. -->","yoast_head_json":{"title":"Movex joins the France El\u00e9vateur family - France El\u00e9vateur","description":"France El\u00e9vateur acquires the Catalan company Movex, leader of the Spanish aerial work platform market.","robots":{"index":"index","follow":"follow","max-snippet":"max-snippet:-1","max-image-preview":"max-image-preview:large","max-video-preview":"max-video-preview:-1"},"canonical":"https:\/\/www.france-elevateur.fr\/en\/movex-joins-the-france-elevateur-family\/","og_locale":"en_US","og_type":"article","og_title":"Movex joins the France El\u00e9vateur family - France El\u00e9vateur","og_description":"France El\u00e9vateur acquires the Catalan company Movex, leader of the Spanish aerial work platform market.","og_url":"https:\/\/www.france-elevateur.fr\/en\/movex-joins-the-france-elevateur-family\/","og_site_name":"France El\u00e9vateur","article_published_time":"2022-03-24T12:54:48+00:00","og_image":[{"width":1920,"height":1080,"url":"https:\/\/www.france-elevateur.fr\/wp-content\/uploads\/2021\/03\/banniere-MOVEX.jpg","type":"image\/jpeg"}],"author":"Anne-Sophie Joscht","twitter_card":"summary_large_image","twitter_misc":{"Written by":"Anne-Sophie Joscht","Est. reading time":"3 minutes"},"schema":{"@context":"https:\/\/schema.org","@graph":[{"@type":"Article","@id":"https:\/\/www.france-elevateur.fr\/en\/movex-joins-the-france-elevateur-family\/#article","isPartOf":{"@id":"https:\/\/www.france-elevateur.fr\/en\/movex-joins-the-france-elevateur-family\/"},"author":{"name":"Anne-Sophie Joscht","@id":"https:\/\/www.france-elevateur.fr\/en\/#\/schema\/person\/f6b1fe12f130440e31c85e3c81ea7067"},"headline":"Movex joins the France El\u00e9vateur family","datePublished":"2022-03-24T12:54:48+00:00","mainEntityOfPage":{"@id":"https:\/\/www.france-elevateur.fr\/en\/movex-joins-the-france-elevateur-family\/"},"wordCount":579,"commentCount":0,"publisher":{"@id":"https:\/\/www.france-elevateur.fr\/en\/#organization"},"image":{"@id":"https:\/\/www.france-elevateur.fr\/en\/movex-joins-the-france-elevateur-family\/#primaryimage"},"thumbnailUrl":"https:\/\/www.france-elevateur.fr\/wp-content\/uploads\/2021\/03\/banniere-MOVEX.jpg","keywords":["acquisition","FE group","growth","leader","movex","spain"],"articleSection":["Company's life","News"],"inLanguage":"en-US"},{"@type":"WebPage","@id":"https:\/\/www.france-elevateur.fr\/en\/movex-joins-the-france-elevateur-family\/","url":"https:\/\/www.france-elevateur.fr\/en\/movex-joins-the-france-elevateur-family\/","name":"Movex joins the France El\u00e9vateur family - France El\u00e9vateur","isPartOf":{"@id":"https:\/\/www.france-elevateur.fr\/en\/#website"},"primaryImageOfPage":{"@id":"https:\/\/www.france-elevateur.fr\/en\/movex-joins-the-france-elevateur-family\/#primaryimage"},"image":{"@id":"https:\/\/www.france-elevateur.fr\/en\/movex-joins-the-france-elevateur-family\/#primaryimage"},"thumbnailUrl":"https:\/\/www.france-elevateur.fr\/wp-content\/uploads\/2021\/03\/banniere-MOVEX.jpg","datePublished":"2022-03-24T12:54:48+00:00","description":"France El\u00e9vateur acquires the Catalan company Movex, leader of the Spanish aerial work platform market.","breadcrumb":{"@id":"https:\/\/www.france-elevateur.fr\/en\/movex-joins-the-france-elevateur-family\/#breadcrumb"},"inLanguage":"en-US","potentialAction":[{"@type":"ReadAction","target":["https:\/\/www.france-elevateur.fr\/en\/movex-joins-the-france-elevateur-family\/"]}]},{"@type":"ImageObject","inLanguage":"en-US","@id":"https:\/\/www.france-elevateur.fr\/en\/movex-joins-the-france-elevateur-family\/#primaryimage","url":"https:\/\/www.france-elevateur.fr\/wp-content\/uploads\/2021\/03\/banniere-MOVEX.jpg","contentUrl":"https:\/\/www.france-elevateur.fr\/wp-content\/uploads\/2021\/03\/banniere-MOVEX.jpg","width":1920,"height":1080,"caption":"France ELEVATEUR and MOVEX logos"},{"@type":"BreadcrumbList","@id":"https:\/\/www.france-elevateur.fr\/en\/movex-joins-the-france-elevateur-family\/#breadcrumb","itemListElement":[{"@type":"ListItem","position":1,"name":"","item":"https:\/\/www.france-elevateur.fr\/en\/"},{"@type":"ListItem","position":2,"name":"Movex joins the France El\u00e9vateur family"}]},{"@type":"WebSite","@id":"https:\/\/www.france-elevateur.fr\/en\/#website","url":"https:\/\/www.france-elevateur.fr\/en\/","name":"France El\u00e9vateur","description":"Design and manufacture of aerial work platforms","publisher":{"@id":"https:\/\/www.france-elevateur.fr\/en\/#organization"},"potentialAction":[{"@type":"SearchAction","target":{"@type":"EntryPoint","urlTemplate":"https:\/\/www.france-elevateur.fr\/en\/?s={search_term_string}"},"query-input":{"@type":"PropertyValueSpecification","valueRequired":true,"valueName":"search_term_string"}}],"inLanguage":"en-US"},{"@type":"Organization","@id":"https:\/\/www.france-elevateur.fr\/en\/#organization","name":"France El\u00e9vateur","url":"https:\/\/www.france-elevateur.fr\/en\/","logo":{"@type":"ImageObject","inLanguage":"en-US","@id":"https:\/\/www.france-elevateur.fr\/en\/#\/schema\/logo\/image\/","url":"https:\/\/www.france-elevateur.fr\/wp-content\/uploads\/2022\/06\/FE-Logo-w-Tagline.jpg","contentUrl":"https:\/\/www.france-elevateur.fr\/wp-content\/uploads\/2022\/06\/FE-Logo-w-Tagline.jpg","width":768,"height":493,"caption":"France El\u00e9vateur"},"image":{"@id":"https:\/\/www.france-elevateur.fr\/en\/#\/schema\/logo\/image\/"}},{"@type":"Person","@id":"https:\/\/www.france-elevateur.fr\/en\/#\/schema\/person\/f6b1fe12f130440e31c85e3c81ea7067","name":"Anne-Sophie Joscht","image":{"@type":"ImageObject","inLanguage":"en-US","@id":"https:\/\/www.france-elevateur.fr\/en\/#\/schema\/person\/image\/","url":"https:\/\/secure.gravatar.com\/avatar\/b3cfd5d1154c046656259aa611d65ba176331301bb881a8451971f2ce0fca902?s=96&d=mm&r=g","contentUrl":"https:\/\/secure.gravatar.com\/avatar\/b3cfd5d1154c046656259aa611d65ba176331301bb881a8451971f2ce0fca902?s=96&d=mm&r=g","caption":"Anne-Sophie Joscht"},"url":"https:\/\/www.france-elevateur.fr\/en\/author\/fe_annesophie\/"}]}},"_links":{"self":[{"href":"https:\/\/www.france-elevateur.fr\/en\/wp-json\/wp\/v2\/posts\/3812","targetHints":{"allow":["GET"]}}],"collection":[{"href":"https:\/\/www.france-elevateur.fr\/en\/wp-json\/wp\/v2\/posts"}],"about":[{"href":"https:\/\/www.france-elevateur.fr\/en\/wp-json\/wp\/v2\/types\/post"}],"author":[{"embeddable":true,"href":"https:\/\/www.france-elevateur.fr\/en\/wp-json\/wp\/v2\/users\/11"}],"replies":[{"embeddable":true,"href":"https:\/\/www.france-elevateur.fr\/en\/wp-json\/wp\/v2\/comments?post=3812"}],"version-history":[{"count":1,"href":"https:\/\/www.france-elevateur.fr\/en\/wp-json\/wp\/v2\/posts\/3812\/revisions"}],"predecessor-version":[{"id":3813,"href":"https:\/\/www.france-elevateur.fr\/en\/wp-json\/wp\/v2\/posts\/3812\/revisions\/3813"}],"wp:featuredmedia":[{"embeddable":true,"href":"https:\/\/www.france-elevateur.fr\/en\/wp-json\/wp\/v2\/media\/2911"}],"wp:attachment":[{"href":"https:\/\/www.france-elevateur.fr\/en\/wp-json\/wp\/v2\/media?parent=3812"}],"wp:term":[{"taxonomy":"category","embeddable":true,"href":"https:\/\/www.france-elevateur.fr\/en\/wp-json\/wp\/v2\/categories?post=3812"},{"taxonomy":"post_tag","embeddable":true,"href":"https:\/\/www.france-elevateur.fr\/en\/wp-json\/wp\/v2\/tags?post=3812"}],"curies":[{"name":"wp","href":"https:\/\/api.w.org\/{rel}","templated":true}]}}